{"provider_url": "https://www.carnaubadosdantas.rn.leg.br", "title": "Sess\u00e3o Ordin\u00e1ria.", "html": "<p><span>A C\u00e2mara Municipal de Carna\u00faba dos Dantas retoma os trabalhos legislativos nesta ter\u00e7a-feira 05/08 com a realiza\u00e7\u00e3o da primeira Sess\u00e3o Ordin\u00e1ria do Segundo Per\u00edodo Legislativo de 2025. O retorno \u00e0s atividades marca o in\u00edcio dos debates e das delibera\u00e7\u00f5es parlamentares para o segundo semestre, seguindo o calend\u00e1rio oficial da Casa Legislativa. O convite para a participa\u00e7\u00e3o da popula\u00e7\u00e3o nas sess\u00f5es \u00e9 uma tradi\u00e7\u00e3o e refor\u00e7a a transpar\u00eancia e a import\u00e2ncia do acompanhamento das </span><span class=\"html-span xdj266r x14z9mp xat24cr x1lziwak xexx8yu xyri2b x18d9i69 x1c1uobl x1hl2dhg x16tdsg8 x1vvkbs\"><a class=\"html-a xdj266r x14z9mp xat24cr x1lziwak xexx8yu xyri2b x18d9i69 x1c1uobl x1hl2dhg x16tdsg8 x1vvkbs\" tabindex=\"-1\"></a></span><span>atividades do Legislativo Municipal.</span></p>", "author_name": "", "version": "1.0", "author_url": "https://www.carnaubadosdantas.rn.leg.br/author/jcesar", "provider_name": "Carna\u00faba dos Dantas/RN", "type": "rich"}