{"provider_url": "https://www.carnaubadosdantas.rn.leg.br", "title": "Projeto \u201cCuidar \u00e9 Dever\u201d", "html": "<p>\ud83e\ude7a No primeiro dia, em parceria com a Secretaria de Sa\u00fade, foram oferecidos servi\u00e7os de aferi\u00e7\u00e3o de glicose e press\u00e3o arterial, com as profissionais Ana Carolina Adelino e J\u00falia Teresa, al\u00e9m de um momento de alongamento orientado pela educadora f\u00edsica Alcilane e um caf\u00e9 de confraterniza\u00e7\u00e3o.</p>\r\n<p>\ud83e\udde0 No segundo dia, tivemos a inspiradora palestra com o graduando em Psicologia Pablo Dantas, abordando temas essenciais como sa\u00fade mental, autocuidado, gest\u00e3o do estresse e qualidade de vida.</p>\r\n<p>\ud83d\udcbc Encerramos hoje com chave de ouro com a palestra da advogada Janiarya Azevedo, que trouxe reflex\u00f5es importantes sobre atendimento de excel\u00eancia no servi\u00e7o p\u00fablico.</p>\r\n<p>\ud83d\udc9a Cuidar de quem cuida \u00e9 um dever. Seguimos firmes na miss\u00e3o de valorizar nossos servidores e fortalecer a humaniza\u00e7\u00e3o no servi\u00e7o p\u00fablico!</p>\r\n<p>#Cuidar\u00c9Dever #EscolaDoLegislativo #C\u00e2maraMunicipal #Sa\u00fadeMental #BemEstar #Servi\u00e7oP\u00fablico #Autocuidado #Carna\u00fabaDosDantas</p>\r\n<p><img src=\"https://www.carnaubadosdantas.rn.leg.br/6.jpg/@@images/4d57cf4f-e972-400c-90e9-ca8b8311c63d.jpeg\" alt=\"\" class=\"image-inline\" title=\"\" />\u00a0<img src=\"https://www.carnaubadosdantas.rn.leg.br/copy_of_8.jpg/@@images/bf01058d-b495-4dc6-afa6-90ddb60c1a8c.jpeg\" alt=\"\" class=\"image-inline\" title=\"\" /></p>", "author_name": "", "version": "1.0", "author_url": "https://www.carnaubadosdantas.rn.leg.br/author/jcesar", "provider_name": "Carna\u00faba dos Dantas/RN", "type": "rich"}