{"provider_url": "https://www.carnaubadosdantas.rn.leg.br", "title": "PROGRAMA\u00c7\u00c3O DO JANEIRO BRANCO", "html": "<p style=\"text-align: center; \"><img src=\"https://www.carnaubadosdantas.rn.leg.br/copy7_of_1.png/@@images/eb62a048-8a55-490e-93e9-6a29e1bcaef4.png\" alt=\"\" class=\"image-inline\" title=\"\" /><img src=\"https://www.carnaubadosdantas.rn.leg.br/copy3_of_3.png/@@images/29cbdc6c-f696-4d01-a5e3-bb63d36330e8.png\" alt=\"\" class=\"image-inline\" title=\"\" /><img src=\"https://www.carnaubadosdantas.rn.leg.br/copy3_of_2.png/@@images/7a8f0f34-9b10-4896-81a2-a8240ba0fc26.png\" alt=\"\" class=\"image-inline\" title=\"\" />\u00a0</p>\r\n<h2>Em janeiro, vamos cuidar da nossa sa\u00fade mental. O primeiro passo para o bem-estar \u00e9 olhar para dentro e buscar o equil\u00edbrio. #JaneiroBranco #Sa\u00fadeMental #CuidadoComVoc\u00ea</h2>", "author_name": "", "version": "1.0", "author_url": "https://www.carnaubadosdantas.rn.leg.br/author/jcesar", "provider_name": "Carna\u00faba dos Dantas/RN", "type": "rich"}