{"provider_url": "https://www.carnaubadosdantas.rn.leg.br", "title": "Ordem do dia", "html": "<div class=\"xdj266r x14z9mp xat24cr x1lziwak x1vvkbs x126k92a\">\r\n<div dir=\"auto\">Mat\u00e9rias da Ordem do Dia</div>\r\n</div>\r\n<div class=\"x14z9mp xat24cr x1lziwak x1vvkbs xtlvy1s x126k92a\">\r\n<div dir=\"auto\">1 - Projeto de Lei Ordin\u00e1ria n\u00ba 51 de 2025</div>\r\n<div dir=\"auto\">Autor: Kleyton Medeiros - Prefeito</div>\r\n<div dir=\"auto\">\u201cAltera a Lei Municipal 695/2011 que cria o Conselho Municipal de Direitos da Pessoa Idosa e o Fundo Municipal de Direitos da Pessoa Idosa (FMPI), para dispor sobre a atualiza\u00e7\u00e3o das fontes de recurso e controle social e d\u00e1 outras provid\u00eancias.\u201d</div>\r\n</div>\r\n<div class=\"x14z9mp xat24cr x1lziwak x1vvkbs xtlvy1s x126k92a\">\r\n<div dir=\"auto\">2 - <span class=\"html-span xdj266r x14z9mp xat24cr x1lziwak xexx8yu xyri2b x18d9i69 x1c1uobl x1hl2dhg x16tdsg8 x1vvkbs\"><a class=\"html-a xdj266r x14z9mp xat24cr x1lziwak xexx8yu xyri2b x18d9i69 x1c1uobl x1hl2dhg x16tdsg8 x1vvkbs\" tabindex=\"-1\"></a></span>Projeto de Lei Ordin\u00e1ria n\u00ba 52 de 2025</div>\r\n<div dir=\"auto\">Autor: Jemmifran Dantas</div>\r\n<div dir=\"auto\">\u201cDISP\u00d5E SOBRE A DENOMINA\u00c7\u00c3O DA RUA PAULO SOARES DOS SANTOS \u2018PAULO ALBINO\u2019, NO BAIRRO S\u00c3O JOS\u00c9, E D\u00c1 OUTRAS PROVID\u00caNCIAS.\u201d</div>\r\n</div>\r\n<div class=\"x14z9mp xat24cr x1lziwak x1vvkbs xtlvy1s x126k92a\">\r\n<div dir=\"auto\">3 - Requerimento n\u00ba 28 de 2025</div>\r\n<div dir=\"auto\">Autores: B\u00e1rbara Dantas, Jardel Dantas, Jemmifran Dantas, Jos\u00e9 Gilvan, Jos\u00e9 L\u00facio, Luciano Dantas, Marfran Medeiros, Maria das Vit\u00f3rias, Marli de Medeiros</div>\r\n<div dir=\"auto\">Solicitando informa\u00e7\u00f5es acerca do andamento do processo de licita\u00e7\u00e3o referente \u00e0 pavimenta\u00e7\u00e3o da comunidade Rajada, zona rural deste munic\u00edpio.</div>\r\n</div>\r\n<div class=\"x14z9mp xat24cr x1lziwak x1vvkbs xtlvy1s x126k92a\">\r\n<div dir=\"auto\">4 - Requerimento n\u00ba 29 de 2025</div>\r\n<div dir=\"auto\">Autor: Jardel Dantas</div>\r\n<div dir=\"auto\">Solicita que seja disponibilizado a esta Casa Legislativa um mapeamento atualizado das ruas do Povoado Rajada, aproveitando o trabalho que vem sendo realizado no restante do munic\u00edpio pelo engenheiro civil JAKSON IGO SOARES SENA, lotado na Secretaria Municipal de Obras.</div>\r\n</div>\r\n<div class=\"x14z9mp xat24cr x1lziwak x1vvkbs xtlvy1s x126k92a\">\r\n<div dir=\"auto\">5 - Indica\u00e7\u00e3o n\u00ba 303 de 2025</div>\r\n<div dir=\"auto\">Autores: B\u00e1rbara Dantas, Jardel Dantas, Jemmifran Dantas, Jos\u00e9 Gilvan, Jos\u00e9 L\u00facio, Luciano Dantas, Marfran Medeiros, Maria das Vit\u00f3rias, Marli de Medeiros</div>\r\n<div dir=\"auto\">seja realizada a instala\u00e7\u00e3o de um pared\u00e3o com o nome \u201cCarna\u00faba\u201d, no alto (barranco), de frente \u00e0 Capela do Povoado Rajada.</div>\r\n</div>\r\n<div class=\"x14z9mp xat24cr x1lziwak x1vvkbs xtlvy1s x126k92a\">\r\n<div dir=\"auto\">6 - Indica\u00e7\u00e3o n\u00ba 304 de 2025</div>\r\n<div dir=\"auto\">Autores: B\u00e1rbara Dantas, Jardel Dantas, Jemmifran Dantas, Jos\u00e9 Gilvan, Jos\u00e9 L\u00facio, Luciano Dantas, Marfran Medeiros, Maria das Vit\u00f3rias, Marli de Medeiros</div>\r\n<div dir=\"auto\">seja realizada a instala\u00e7\u00e3o de uma academia destinada aos idosos no povoado Rajada, no munic\u00edpio de Carna\u00faba dos Dantas/RN.</div>\r\n</div>\r\n<div class=\"x14z9mp xat24cr x1lziwak x1vvkbs xtlvy1s x126k92a\">\r\n<div dir=\"auto\">7 - Indica\u00e7\u00e3o n\u00ba 305 de 2025</div>\r\n<div dir=\"auto\">Autores: B\u00e1rbara Dantas, Jardel Dantas, Jemmifran Dantas, Jos\u00e9 Gilvan, Jos\u00e9 L\u00facio, Luciano Dantas, Marfran Medeiros, Maria das Vit\u00f3rias, Marli de Medeiros</div>\r\n<div dir=\"auto\">Indica A constru\u00e7\u00e3o de uma quadra poliesportiva coberta no Povoado Rajada, situado no munic\u00edpio de Carna\u00faba dos Dantas/RN.</div>\r\n</div>\r\n<div class=\"x14z9mp xat24cr x1lziwak x1vvkbs xtlvy1s x126k92a\">\r\n<div dir=\"auto\">8 - Indica\u00e7\u00e3o n\u00ba 306 de 2025</div>\r\n<div dir=\"auto\">Autores: B\u00e1rbara Dantas, Jardel Dantas, Jemmifran Dantas, Jos\u00e9 Gilvan, Jos\u00e9 L\u00facio, Luciano Dantas, Marfran Medeiros, Maria das Vit\u00f3rias, Marli de Medeiros</div>\r\n<div dir=\"auto\">Que seja providenciado e fixado um letreiro com o nome da comunidade Rajada, localizada na zona rural do munic\u00edpio de Carna\u00faba dos Dantas/RN.</div>\r\n</div>\r\n<div class=\"x14z9mp xat24cr x1lziwak x1vvkbs xtlvy1s x126k92a\">\r\n<div dir=\"auto\">9 - Indica\u00e7\u00e3o n\u00ba 307 de 2025</div>\r\n<div dir=\"auto\">Autores: B\u00e1rbara Dantas, Jardel Dantas, Jemmifran Dantas, Jos\u00e9 Gilvan, Jos\u00e9 L\u00facio, Luciano Dantas, Marfran Medeiros, Maria das Vit\u00f3rias, Marli de Medeiros</div>\r\n<div dir=\"auto\">A Prefeitura Municipal apoie a Associa\u00e7\u00e3o Comunit\u00e1ria da Comunidade Rajada (ACCR), de forma a garantir o abastecimento de \u00e1gua na comunidade, a partir da mini-adutora j\u00e1 existente, evitando assim a falta de \u00e1gua para os moradores.</div>\r\n</div>\r\n<div class=\"x14z9mp xat24cr x1lziwak x1vvkbs xtlvy1s x126k92a\">\r\n<div dir=\"auto\">10 - Indica\u00e7\u00e3o n\u00ba 308 de 2025</div>\r\n<div dir=\"auto\">Autores: B\u00e1rbara Dantas, Jardel Dantas, Jemmifran Dantas, Jos\u00e9 Gilvan, Jos\u00e9 L\u00facio, Luciano Dantas, Marfran Medeiros, Maria das Vit\u00f3rias, Marli de Medeiros</div>\r\n<div dir=\"auto\">Seja realizada a pavimenta\u00e7\u00e3o da Rua Jos\u00e9 Mar\u00e7al Dantas, localizada no Povoado Rajada, neste munic\u00edpio.</div>\r\n</div>\r\n<div class=\"x14z9mp xat24cr x1lziwak x1vvkbs xtlvy1s x126k92a\">\r\n<div dir=\"auto\">11 - Indica\u00e7\u00e3o n\u00ba 309 de 2025</div>\r\n<div dir=\"auto\">Autores: B\u00e1rbara Dantas, Jardel Dantas, Jemmifran Dantas, Jos\u00e9 Gilvan, Jos\u00e9 L\u00facio, Luciano Dantas, Marfran Medeiros, Maria das Vit\u00f3rias, Marli de Medeiros</div>\r\n<div dir=\"auto\">Seja constru\u00edda uma \u00e1rea de cal\u00e7ad\u00e3o destinada \u00e0 pr\u00e1tica de caminhadas e corridas no Povoado Rajada, neste munic\u00edpio.</div>\r\n</div>\r\n<div class=\"x14z9mp xat24cr x1lziwak x1vvkbs xtlvy1s x126k92a\">\r\n<div dir=\"auto\">12 - Mo\u00e7\u00e3o n\u00ba 97 de 2025</div>\r\n<div dir=\"auto\">Autor: Marfran Medeiros</div>\r\n<div dir=\"auto\">Manifesta Voto de Pesar pelo falecimento da Senhora IN\u00c1CIA LEOPOLDINA DANTAS, que era mais conhecida como IN\u00c1CIA DE ANT\u00d4NIO JOS\u00c9, ocorrida no dia 13 de novembro de 2025.</div>\r\n</div>\r\n<div class=\"x14z9mp xat24cr x1lziwak x1vvkbs xtlvy1s x126k92a\">\r\n<div dir=\"auto\">13 - Mo\u00e7\u00e3o n\u00ba 98 de 2025</div>\r\n<div dir=\"auto\">Autores: B\u00e1rbara Dantas, Jardel Dantas, Jemmifran Dantas, Jos\u00e9 Gilvan, Jos\u00e9 L\u00facio, Luciano Dantas, Marfran Medeiros, Maria das Vit\u00f3rias, Marli de Medeiros</div>\r\n<div dir=\"auto\">Manifesta VOTOS DE CONGRATULA\u00c7\u00c3O, LOUVOR E APLAUSO a todos os Profissionais da \u00c1rea da Sa\u00fade, pela incans\u00e1vel dedica\u00e7\u00e3o e relevante trabalho prestado \u00e0 comunidade, especialmente por meio da constante disponibiliza\u00e7\u00e3o de m\u00e9dicos e enfermeiros nos postos de sa\u00fade.</div>\r\n</div>", "author_name": "", "version": "1.0", "author_url": "https://www.carnaubadosdantas.rn.leg.br/author/jcesar", "provider_name": "Carna\u00faba dos Dantas/RN", "type": "rich"}