{"provider_url": "https://www.carnaubadosdantas.rn.leg.br", "title": "Ordem do Dia", "html": "<div dir=\"auto\">Mat\u00e9rias da Ordem do Dia - 13\u00ba Sess\u00e3o Ordin\u00e1ria</div>\r\n<div dir=\"auto\">Mat\u00e9ria Ementa Resultado da Vota\u00e7\u00e3o</div>\r\n<div dir=\"auto\">1 - Projeto de Lei Ordin\u00e1ria n\u00ba 46 de 2025</div>\r\n<div dir=\"auto\"><span class=\"html-span xdj266r x14z9mp xat24cr x1lziwak xexx8yu xyri2b x18d9i69 x1c1uobl x1hl2dhg x16tdsg8 x1vvkbs\"><a class=\"html-a xdj266r x14z9mp xat24cr x1lziwak xexx8yu xyri2b x18d9i69 x1c1uobl x1hl2dhg x16tdsg8 x1vvkbs\" tabindex=\"-1\"></a></span>Autor: B\u00e1rbara Dantas</div>\r\n<div dir=\"auto\">INSTITUI, NO \u00c2MBITO DO MUNIC\u00cdPIO DE CARNA\u00daBA DOS DANTAS/RN, A INICIATIVA MUNICIPAL DE EDUCA\u00c7\u00c3O FISCAL E D\u00c1 OUTRAS PROVID\u00caNCIAS.</div>\r\n<div class=\"x14z9mp xat24cr x1lziwak x1vvkbs xtlvy1s x126k92a\">\r\n<div dir=\"auto\">2 - Projeto de Lei Ordin\u00e1ria n\u00ba 47 de 2025</div>\r\n<div dir=\"auto\">Autor: Kleyton Medeiros - Prefeito</div>\r\n<div dir=\"auto\">\u201cDisp\u00f5e sobre a autoriza\u00e7\u00e3o para recebimento de doa\u00e7\u00e3o de im\u00f3vel rural pelo Munic\u00edpio de Carna\u00faba dos Dantas, e d\u00e1 outras provid\u00eancias.\u201d</div>\r\n</div>\r\n<div class=\"x14z9mp xat24cr x1lziwak x1vvkbs xtlvy1s x126k92a\">\r\n<div dir=\"auto\">3 - Projeto de Lei Ordin\u00e1ria n\u00ba 48 de 2025</div>\r\n<div dir=\"auto\">Autor: B\u00e1rbara Dantas</div>\r\n<div dir=\"auto\">DENOMINA A VILA LOCALIZADA \u00c0S MARGENS DA RN-086, QUE LIGA CARNA\u00daBA DOS DANTAS A PARELHAS, PR\u00d3XIMO \u00c0 LOCALIDADE RAJADA, COMO \u201cVILA DE BEBETO\u201d, E D\u00c1 OUTRAS PROVID\u00caNCIAS.</div>\r\n</div>\r\n<div class=\"x14z9mp xat24cr x1lziwak x1vvkbs xtlvy1s x126k92a\">\r\n<div dir=\"auto\">4 - Projeto de Lei Ordin\u00e1ria n\u00ba 49 de 2025</div>\r\n<div dir=\"auto\">Autor: Kleyton Medeiros - Prefeito</div>\r\n<div dir=\"auto\">\u201cInstitui o Plano Plurianual para o quadri\u00eanio de 2026 a 2029, e d\u00e1 outras provid\u00eancias.\u201d</div>\r\n</div>\r\n<div class=\"x14z9mp xat24cr x1lziwak x1vvkbs xtlvy1s x126k92a\">\r\n<div dir=\"auto\">5 - Projeto de Lei Ordin\u00e1ria n\u00ba 50 de 2025</div>\r\n<div dir=\"auto\">Autor: Prefeito Municipal - admin</div>\r\n<div dir=\"auto\">Estima a RECEITA e fixa a DESPESA do Munic\u00edpio de Carna\u00faba dos Dantas - RN, para o exerc\u00edcio financeiro de 2026 e d\u00e1 outras provid\u00eancias</div>\r\n</div>\r\n<div class=\"x14z9mp xat24cr x1lziwak x1vvkbs xtlvy1s x126k92a\">\r\n<div dir=\"auto\">6 - Requerimento n\u00ba 26 de 2025</div>\r\n<div dir=\"auto\">Autor: Jos\u00e9 Gilvan</div>\r\n<div dir=\"auto\">Requer, ap\u00f3s ouvido o Plen\u00e1rio, a inclus\u00e3o em regime de urg\u00eancia do Projeto de Resolu\u00e7\u00e3o n\u00ba 011/2025, de autoria da Mesa Diretora, que \u201cDisp\u00f5e sobre o Regulamento da C\u00e2mara Municipal de Carna\u00faba dos Dantas/RN para aplica\u00e7\u00e3o da Lei Federal n\u00ba 14.133/2021 e d\u00e1 outras provid\u00eancias.\u201d.</div>\r\n</div>\r\n<div class=\"x14z9mp xat24cr x1lziwak x1vvkbs xtlvy1s x126k92a\">\r\n<div dir=\"auto\">7 - Projeto de Resolu\u00e7\u00e3o n\u00ba 11 de 2025</div>\r\n<div dir=\"auto\">Autor: Mesa Diretora</div>\r\n<div dir=\"auto\">\u201cDISP\u00d5E SOBRE O REGULAMENTO DA C\u00c2MARA MUNICIPAL DE CARNA\u00daBA DOS DANTAS/RN PARA APLICA\u00c7\u00c3O DA LEI FEDERAL N\u00ba 14.133/2021 E D\u00c1 OUTRAS PROVID\u00caNCIAS\u201d.</div>\r\n</div>\r\n<div class=\"x14z9mp xat24cr x1lziwak x1vvkbs xtlvy1s x126k92a\">\r\n<div dir=\"auto\">8 - Requerimento n\u00ba 24 de 2025</div>\r\n<div dir=\"auto\">Autor: Marli de Medeiros</div>\r\n<div dir=\"auto\">que seja estudada a viabilidade de construir gaveteiros verticais no Cemit\u00e9rio P\u00fablico Municipal, uma vez que o munic\u00edpio n\u00e3o disp\u00f5e mais de vagas para abertura de covas horizontais.</div>\r\n</div>\r\n<div class=\"x14z9mp xat24cr x1lziwak x1vvkbs xtlvy1s x126k92a\">\r\n<div dir=\"auto\">9 - Requerimento n\u00ba 25 de 2025</div>\r\n<div dir=\"auto\">Autor: Jemmifran Dantas</div>\r\n<div dir=\"auto\">Requer que seja apresentado a esta Casa Legislativa um relat\u00f3rio detalhado dos servi\u00e7os prestados e disponibilizados atrav\u00e9s do Setor de Zoonoses, bem como a rela\u00e7\u00e3o dos profissionais que atuam nessa pasta.</div>\r\n</div>\r\n<div class=\"x14z9mp xat24cr x1lziwak x1vvkbs xtlvy1s x126k92a\">\r\n<div dir=\"auto\">10 - Veto n\u00ba 2 de 2025</div>\r\n<div dir=\"auto\">Autor: Kleyton Medeiros - Prefeito</div>\r\n<div dir=\"auto\">Comunico a Vossa Excel\u00eancia que, nos termos do \u00a71o do art. 44 da Lei Org\u00e2nica do Munic\u00edpio de Carna\u00faba dos Dantas-RN, decidi vetar parcialmente, por contrariedade ao interesse p\u00fablico o Projeto de Lei no 042/2025, que reconhece como Patrim\u00f4nio Cultural Imaterial do Munic\u00edpio de Carna\u00faba dos Dantas/RN o Festival da M\u00fasica Carnaubense \u201cTonheca Dantas\u201d e oficializa sua nova denomina\u00e7\u00e3o como Festival da M\u00fasica Carnaubense \u201cFelinto L\u00facio &amp; Tonheca Dantas\u201d.</div>\r\n</div>\r\n<div class=\"x14z9mp xat24cr x1lziwak x1vvkbs xtlvy1s x126k92a\">\r\n<div dir=\"auto\">11 - Indica\u00e7\u00e3o n\u00ba 286 de 2025</div>\r\n<div dir=\"auto\">Autor: B\u00e1rbara Dantas</div>\r\n<div dir=\"auto\">que seja criado um programa de capacita\u00e7\u00e3o continuada destinado aos servidores p\u00fablicos municipais, com o objetivo de aprimorar a qualidade do atendimento \u00e0 popula\u00e7\u00e3o e aumentar a efici\u00eancia dos processos administrativos.</div>\r\n</div>\r\n<div class=\"x14z9mp xat24cr x1lziwak x1vvkbs xtlvy1s x126k92a\">\r\n<div dir=\"auto\">12 - Indica\u00e7\u00e3o n\u00ba 287 de 2025</div>\r\n<div dir=\"auto\">Autor: Jardel Dantas</div>\r\n<div dir=\"auto\">Indico a pavimenta\u00e7\u00e3o da Rua Isaura Francisca da Silva, localizada no Bairro Dom Jos\u00e9 Adelino Dantas, neste Munic\u00edpio.</div>\r\n</div>\r\n<div class=\"x14z9mp xat24cr x1lziwak x1vvkbs xtlvy1s x126k92a\">\r\n<div dir=\"auto\">13 - Indica\u00e7\u00e3o n\u00ba 288 de 2025</div>\r\n<div dir=\"auto\">Autor: B\u00e1rbara Dantas</div>\r\n<div dir=\"auto\">informatiza\u00e7\u00e3o do Hospital Maternidade Estelita dos Santos Dantas, por meio da aquisi\u00e7\u00e3o dos equipamentos necess\u00e1rios, implanta\u00e7\u00e3o de sistema informatizado de Prontu\u00e1rio Eletr\u00f4nico e instala\u00e7\u00e3o de televisores com informativos na sala de espera.</div>\r\n</div>\r\n<div class=\"x14z9mp xat24cr x1lziwak x1vvkbs xtlvy1s x126k92a\">\r\n<div dir=\"auto\">14 - Indica\u00e7\u00e3o n\u00ba 289 de 2025</div>\r\n<div dir=\"auto\">Autor: Jardel Dantas</div>\r\n<div dir=\"auto\">Indico a pavimenta\u00e7\u00e3o da Rua Ant\u00f4nio Martiniano Dantas, localizada no Povoado Ermo, neste Munic\u00edpio.</div>\r\n</div>\r\n<div class=\"x14z9mp xat24cr x1lziwak x1vvkbs xtlvy1s x126k92a\">\r\n<div dir=\"auto\">15 - Indica\u00e7\u00e3o n\u00ba 290 de 2025</div>\r\n<div dir=\"auto\">Autor: Jardel Dantas</div>\r\n<div dir=\"auto\">Indico a pavimenta\u00e7\u00e3o da Rua Jos\u00e9 Mar\u00e7al Dantas, localizada no Povoado Rajada, neste Munic\u00edpio.</div>\r\n</div>\r\n<div class=\"x14z9mp xat24cr x1lziwak x1vvkbs xtlvy1s x126k92a\">\r\n<div dir=\"auto\">16 - Indica\u00e7\u00e3o n\u00ba 291 de 2025</div>\r\n<div dir=\"auto\">Autor: Jardel Dantas</div>\r\n<div dir=\"auto\">Indico a pavimenta\u00e7\u00e3o das ruas Maria Joseilma Medeiros (N\u00eaga) e Jos\u00e9 Abdon de Medeiros (Dudu), localizadas no Povoado Rajada, neste Munic\u00edpio.</div>\r\n</div>\r\n<div class=\"x14z9mp xat24cr x1lziwak x1vvkbs xtlvy1s x126k92a\">\r\n<div dir=\"auto\">17 - Indica\u00e7\u00e3o n\u00ba 294 de 2025</div>\r\n<div dir=\"auto\">Autor: Jemmifran Dantas</div>\r\n<div dir=\"auto\">Indica a instala\u00e7\u00e3o de c\u00e2meras de seguran\u00e7a no Cemit\u00e9rio P\u00fablico Municipal de Carna\u00faba dos Dantas/RN.</div>\r\n</div>\r\n<div class=\"x14z9mp xat24cr x1lziwak x1vvkbs xtlvy1s x126k92a\">\r\n<div dir=\"auto\">18 - Indica\u00e7\u00e3o n\u00ba 295 de 2025</div>\r\n<div dir=\"auto\">Autor: B\u00e1rbara Dantas</div>\r\n<div dir=\"auto\">Indico que seja realizado um projeto de topografia e engenharia para mapeamento de todas as ruas existentes que faltam realizar a constru\u00e7\u00e3o de saneamento/esgotos e pavimenta\u00e7\u00e3o;</div>\r\n</div>\r\n<div class=\"x14z9mp xat24cr x1lziwak x1vvkbs xtlvy1s x126k92a\">\r\n<div dir=\"auto\">19 - Indica\u00e7\u00e3o n\u00ba 296 de 2025</div>\r\n<div dir=\"auto\">Autor: B\u00e1rbara Dantas</div>\r\n<div dir=\"auto\">Indico a constru\u00e7\u00e3o de um almoxarifado centralizado para as secretarias municipais, especialmente a de Educa\u00e7\u00e3o, destinado ao armazenamento de itens, materiais e equipamentos que n\u00e3o cabem dentro da sede das respectivas secretarias;</div>\r\n</div>\r\n<div class=\"x14z9mp xat24cr x1lziwak x1vvkbs xtlvy1s x126k92a\">\r\n<div dir=\"auto\">20 - Mo\u00e7\u00e3o n\u00ba 90 de 2025</div>\r\n<div dir=\"auto\">Autor: Marli de Medeiros</div>\r\n<div dir=\"auto\">manifesta VOTOS DE CONGRATULA\u00c7\u00c3O, LOUVOR E APLAUSO \u00e0 Igreja Novo Caminho, do munic\u00edpio de Carna\u00faba dos Dantas, por ocasi\u00e3o da celebra\u00e7\u00e3o de seu 34\u00ba anivers\u00e1rio de funda\u00e7\u00e3o, comemorado neste ano de 2025.</div>\r\n</div>\r\n<div class=\"x14z9mp xat24cr x1lziwak x1vvkbs xtlvy1s x126k92a\">\r\n<div dir=\"auto\">21 - Mo\u00e7\u00e3o n\u00ba 93 de 2025</div>\r\n<div dir=\"auto\">Autor: Jemmifran Dantas</div>\r\n<div dir=\"auto\">Manifesta VOTOS DE CONGRATULA\u00c7\u00c3O, LOUVOR E APLAUSO ao senhor \u00c9sio Ramos Dantas, popularmente conhecido como Dida, pelos relevantes servi\u00e7os prestados ao munic\u00edpio na \u00e1rea de limpeza urbana, manuten\u00e7\u00e3o de esgotos, retirada de entulhos, podas e esvaziamento de fossas, sempre atuando com zelo, responsabilidade e esp\u00edrito p\u00fablico.</div>\r\n</div>\r\n<div class=\"x14z9mp xat24cr x1lziwak x1vvkbs xtlvy1s x126k92a\">\r\n<div dir=\"auto\">Mat\u00e9rias da Ordem do Dia - 14\u00ba Sess\u00e3o Ordin\u00e1ria</div>\r\n<div dir=\"auto\">Mat\u00e9ria Ementa Resultado da Vota\u00e7\u00e3o</div>\r\n<div dir=\"auto\">1 - Indica\u00e7\u00e3o n\u00ba 292 de 2025</div>\r\n<div dir=\"auto\">Autor: Jardel Dantas</div>\r\n<div dir=\"auto\">Indico que seja estudada a possibilidade de implanta\u00e7\u00e3o de redutores de velocidade na pavimenta\u00e7\u00e3o da via de acesso ao Povoado Ermo, no trecho compreendido entre a entrada do povoado e o entroncamento com a RN-288, local onde est\u00e1 sendo executada a pavimenta\u00e7\u00e3o atualmente</div>\r\n</div>\r\n<div class=\"x14z9mp xat24cr x1lziwak x1vvkbs xtlvy1s x126k92a\">\r\n<div dir=\"auto\">2 - Indica\u00e7\u00e3o n\u00ba 293 de 2025</div>\r\n<div dir=\"auto\">Autor: Jardel Dantas</div>\r\n<div dir=\"auto\">Indico a execu\u00e7\u00e3o de obras de drenagem e pavimenta\u00e7\u00e3o da Rua Francisco Rafael de Medeiros, localizada no Povoado Ermo, neste Munic\u00edpio.</div>\r\n</div>\r\n<div class=\"x14z9mp xat24cr x1lziwak x1vvkbs xtlvy1s x126k92a\">\r\n<div dir=\"auto\">3 - Indica\u00e7\u00e3o n\u00ba 297 de 2025</div>\r\n<div dir=\"auto\">Autor: B\u00e1rbara Dantas</div>\r\n<div dir=\"auto\">Indica que: -Que seja realizada ornamenta\u00e7\u00e3o natalina nas pra\u00e7as p\u00fablicas e principais vias do munic\u00edpio de Carna\u00faba dos Dantas/RN, de modo a promover o esp\u00edrito natalino e valorizar os espa\u00e7os p\u00fablicos; \u2013 Que, posteriormente, seja desenvolvido um trabalho conjunto entre as escolas municipais e a Secretaria Municipal de Assist\u00eancia Social, visando a\u00e7\u00f5es educativas, culturais e solid\u00e1rias relacionadas ao per\u00edodo natalino.</div>\r\n</div>\r\n<div class=\"x14z9mp xat24cr x1lziwak x1vvkbs xtlvy1s x126k92a\">\r\n<div dir=\"auto\">4 - Indica\u00e7\u00e3o n\u00ba 298 de 2025</div>\r\n<div dir=\"auto\">Autor: B\u00e1rbara Dantas</div>\r\n<div dir=\"auto\">Solicita a reorganiza\u00e7\u00e3o e padroniza\u00e7\u00e3o da Galeria de Ex-Presidentes da C\u00e2mara Municipal, pelo Presidente da Casa, e da Galeria de Ex-Prefeitos da Prefeitura Municipal, pelo Prefeito; sugere a denomina\u00e7\u00e3o da Galeria de Ex-Prefeitos como \u201cValdemar C\u00e2ndido de Medeiros\u201d</div>\r\n</div>\r\n<div class=\"x14z9mp xat24cr x1lziwak x1vvkbs xtlvy1s x126k92a\">\r\n<div dir=\"auto\">5 - Indica\u00e7\u00e3o n\u00ba 299 de 2025</div>\r\n<div dir=\"auto\">Autor: B\u00e1rbara Dantas</div>\r\n<div dir=\"auto\">viabiliza\u00e7\u00e3o e execu\u00e7\u00e3o de um Projeto de Arboriza\u00e7\u00e3o Urbana, com o plantio de esp\u00e9cies frut\u00edferas e nativas em todas as pra\u00e7as e espa\u00e7os p\u00fablicos do munic\u00edpio de Carna\u00faba dos Dantas/RN.</div>\r\n</div>\r\n<div class=\"x14z9mp xat24cr x1lziwak x1vvkbs xtlvy1s x126k92a\">\r\n<div dir=\"auto\">6 - Indica\u00e7\u00e3o n\u00ba 300 de 2025</div>\r\n<div dir=\"auto\">Autor: B\u00e1rbara Dantas</div>\r\n<div dir=\"auto\">ado\u00e7\u00e3o de estrat\u00e9gias e execu\u00e7\u00e3o de melhorias que possibilitem melhor acesso ao Conjunto Seu An\u00edsio, considerando os diversos equipamentos p\u00fablicos j\u00e1 instalados naquela localidade.</div>\r\n</div>\r\n<div class=\"x14z9mp xat24cr x1lziwak x1vvkbs xtlvy1s x126k92a\">\r\n<div dir=\"auto\">7 - Indica\u00e7\u00e3o n\u00ba 301 de 2025</div>\r\n<div dir=\"auto\">Autor: Jemmifran Dantas</div>\r\n<div dir=\"auto\">Realiza\u00e7\u00e3o de a\u00e7\u00e3o p\u00fablica na Pra\u00e7a Caetano Dantas no dia 29 de novembro de 2025, data da partida decisiva da Copa Libertadores da Am\u00e9rica 2025, entre Palmeiras e Flamengo, a ser disputada no Est\u00e1dio Monumental U, em Lima (Peru), com disponibiliza\u00e7\u00e3o de tel\u00e3o e sistema de som, a fim de proporcionar \u00e0 popula\u00e7\u00e3o um espa\u00e7o coletivo e organizado para assistir ao evento esportivo.</div>\r\n</div>\r\n<div class=\"x14z9mp xat24cr x1lziwak x1vvkbs xtlvy1s x126k92a\">\r\n<div dir=\"auto\">8 - Mo\u00e7\u00e3o n\u00ba 91 de 2025</div>\r\n<div dir=\"auto\">Autor: Jardel Dantas</div>\r\n<div dir=\"auto\">Manifesta VOTOS DE CONGRATULA\u00c7\u00c3O, LOUVOR E APLAUSO \u00e0 equipe da Gest\u00e3o Municipal de Carna\u00faba dos Dantas pela implanta\u00e7\u00e3o da Vila Gastron\u00f4mica na Festa de Outubro de 2025, iniciativa que trouxe um novo conceito de conviv\u00eancia, lazer, fortalecimento da culin\u00e1ria local e incentivo ao desenvolvimento tur\u00edstico e econ\u00f4mico do munic\u00edpio.</div>\r\n</div>\r\n<div class=\"x14z9mp xat24cr x1lziwak x1vvkbs xtlvy1s x126k92a\">\r\n<div dir=\"auto\">9 - Mo\u00e7\u00e3o n\u00ba 92 de 2025</div>\r\n<div dir=\"auto\">Autor: Jardel Dantas</div>\r\n<div dir=\"auto\">Manifesta VOTOS DE CONGRATULA\u00c7\u00c3O, LOUVOR E APLAUSO \u00e0 equipe da Secretaria Municipal de Educa\u00e7\u00e3o, em nome da Secret\u00e1ria R\u00fabia Raquel Dantas Roque, pela brilhante organiza\u00e7\u00e3o e realiza\u00e7\u00e3o dos Jogos Escolares 2025, evento que ocorre de 03 a 14 de novembro de 2025, mobilizando alunos, professores e toda a comunidade escolar do munic\u00edpio.</div>\r\n</div>", "author_name": "", "version": "1.0", "author_url": "https://www.carnaubadosdantas.rn.leg.br/author/jcesar", "provider_name": "Carna\u00faba dos Dantas/RN", "type": "rich"}