{"provider_url": "https://www.carnaubadosdantas.rn.leg.br", "title": "Ordem do dia ", "html": "<h3 dir=\"ltr\">2 - Projeto de Lei Ordin\u00e1ria n\u00ba 32 de 2025</h3>\r\n<h3 dir=\"ltr\">Autor: Marfran Medeiros</h3>\r\n<h3 dir=\"ltr\">Disp\u00f5e sobre a inclus\u00e3o da \"Festa Popular de Santo Ant\u00f4nio da Rajada\" no Calend\u00e1rio Oficial de Eventos do Munic\u00edpio de Carna\u00faba dos Dantas/RN e d\u00e1 outras provid\u00eancias.</h3>\r\n<div dir=\"auto\"></div>\r\n<div dir=\"auto\">3 - <span class=\"html-span xdj266r x14z9mp xat24cr x1lziwak xexx8yu xyri2b x18d9i69 x1c1uobl x1hl2dhg x16tdsg8 x1vvkbs\"><a class=\"html-a xdj266r x14z9mp xat24cr x1lziwak xexx8yu xyri2b x18d9i69 x1c1uobl x1hl2dhg x16tdsg8 x1vvkbs\" tabindex=\"-1\"></a></span>Projeto de Resolu\u00e7\u00e3o n\u00ba 4 de 2025</div>\r\n<div dir=\"auto\">Autor: B\u00e1rbara Dantas</div>\r\n<div dir=\"auto\">ALTERA O ARTIGO 4\u00ba DA RESOLU\u00c7\u00c3O N\u00ba 005/2024, QUE INSTITUI A PROCURADORIA ESPECIAL DA MULHER NA C\u00c2MARA MUNICIPAL DE CARNA\u00daBA DOS DANTAS/RN, PARA DISPOR SOBRE A COMPOSI\u00c7\u00c3O DA PROCURADORIA.</div>\r\n<div dir=\"auto\"></div>\r\n<div dir=\"auto\">4 - Projeto de Resolu\u00e7\u00e3o n\u00ba 5 de 2025</div>\r\n<div dir=\"auto\">Autor: Mesa Diretora</div>\r\n<div dir=\"auto\">ALTERA A RESOLU\u00c7\u00c3O N\u00ba 001/2019 REFERENTE A INSTITUI\u00c7\u00c3O DA ESCOLA DO LEGISLATIVO DA C\u00c2MARA MUNICIPAL DE CARNA\u00daBA DOS DANTAS/RN E D\u00c1 OUTRAS PROVID\u00caNCIAS.</div>\r\n<div dir=\"auto\"></div>\r\n<div dir=\"auto\">5 - Projeto de Resolu\u00e7\u00e3o n\u00ba 6 de 2025</div>\r\n<div dir=\"auto\">Autor: Mesa Diretora</div>\r\n<div dir=\"auto\">INSTITUI A BIBLIOTECA DA ESCOLA DO LEGISLATIVO NO \u00c2MBITO DA C\u00c2MARA MUNICIPAL DE CARNA\u00daBA DOS DANTAS/RN E D\u00c1 OUTRAS PROVID\u00caNCIAS.</div>\r\n<div dir=\"auto\"></div>\r\n<div dir=\"auto\">6 - Indica\u00e7\u00e3o n\u00ba 184 de 2025</div>\r\n<div dir=\"auto\">Autor: Jos\u00e9 L\u00facio</div>\r\n<div dir=\"auto\">Solicita a instala\u00e7\u00e3o de redutor de velocidade na Rua Estanislau C\u00e2ndido, especialmente nas imedia\u00e7\u00f5es da resid\u00eancia do senhor conhecido como Sobinha.</div>\r\n<div dir=\"auto\"></div>\r\n<div dir=\"auto\">7 - Indica\u00e7\u00e3o n\u00ba 185 de 2025</div>\r\n<div dir=\"auto\">Autor: Jos\u00e9 L\u00facio</div>\r\n<div dir=\"auto\">Solicita a instala\u00e7\u00e3o de redutor de velocidade na Rua Seu Moreira, especialmente nas proximidades da resid\u00eancia da senhora conhecida como Pretinha de Bom.</div>\r\n<div dir=\"auto\"></div>\r\n<div dir=\"auto\">8 - Indica\u00e7\u00e3o n\u00ba 186 de 2025</div>\r\n<div dir=\"auto\">Autor: Jemmifran Dantas</div>\r\n<div dir=\"auto\">Indico a realiza\u00e7\u00e3o de manuten\u00e7\u00e3o na parede do Est\u00e1dio de Futebol Jos\u00e9 Henrique Dantas, localizado neste Munic\u00edpio.</div>\r\n<div dir=\"auto\"></div>\r\n<div dir=\"auto\"><span>9 - Indica\u00e7\u00e3o n\u00ba 187 de 2025</span></div>\r\n<div dir=\"auto\">Autores: Jemmifran Dantas, Maria das Vit\u00f3rias</div>\r\n<div dir=\"auto\">Indicam a constru\u00e7\u00e3o de uma mata-burro na divisa entre as propriedades do Sr. Geraldo Fernandes e do Sr. C\u00edcero Cazuza, localizada entre os s\u00edtios Recanto e Picotes, neste Munic\u00edpio.</div>\r\n<div dir=\"auto\"></div>\r\n<div dir=\"auto\">10 - Indica\u00e7\u00e3o n\u00ba 188 de 2025</div>\r\n<div dir=\"auto\">Autor: Jemmifran Dantas</div>\r\n<div dir=\"auto\">Indica a reorganiza\u00e7\u00e3o estrutural interna do pr\u00e9dio p\u00fablico conhecido como CENAR, com a troca de localiza\u00e7\u00e3o entre os espa\u00e7os destinados ao bar e \u00e0 cozinha, promovendo as adequa\u00e7\u00f5es f\u00edsicas necess\u00e1rias.</div>\r\n<div dir=\"auto\"></div>\r\n<div dir=\"auto\">11 - Indica\u00e7\u00e3o n\u00ba 189 de 2025</div>\r\n<div dir=\"auto\">Autores: Jardel Dantas, B\u00e1rbara Dantas, Luciano Dantas, Marli de Medeiros</div>\r\n<div dir=\"auto\">Indicam a constru\u00e7\u00e3o de um abatedouro p\u00fablico no munic\u00edpio de Carna\u00faba dos Dantas/RN e, para viabilizar a execu\u00e7\u00e3o da obra, solicitam que sejam unidas for\u00e7as junto aos parlamentares estaduais, federais e senadores, no sentido de garantir, por meio de emendas parlamentares, os recursos financeiros necess\u00e1rios \u00e0 sua concretiza\u00e7\u00e3o.</div>\r\n<div dir=\"auto\"></div>\r\n<div dir=\"auto\">12 - Indica\u00e7\u00e3o n\u00ba 190 de 2025</div>\r\n<div dir=\"auto\">Autor: B\u00e1rbara Dantas</div>\r\n<div dir=\"auto\">Indico que seja realizado um levantamento dos setores que necessitam de ilumina\u00e7\u00e3o p\u00fablica, abrangendo tanto a zona urbana quanto a zona rural do munic\u00edpio de Carna\u00faba dos Dantas/RN, e que sejam adotadas as medidas necess\u00e1rias para a melhoria da ilumina\u00e7\u00e3o nos locais identificados.</div>\r\n<div dir=\"auto\"></div>\r\n<div dir=\"auto\">13 - Mo\u00e7\u00e3o n\u00ba 60 de 2025</div>\r\n<div dir=\"auto\">Autor: Jemmifran Dantas</div>\r\n<div dir=\"auto\">manifesta VOTOS DE CONGRATULA\u00c7\u00c3O, LOUVOR E APLAUSO \u00e0 servidora LUIZA PATR\u00cdCIA DANTAS DA SILVA, monitora de transporte escolar da rede municipal de ensino, pela atua\u00e7\u00e3o destacada no retorno das aulas do ano letivo de 2025.</div>\r\n<div dir=\"auto\"></div>\r\n<div dir=\"auto\">14 - Mo\u00e7\u00e3o n\u00ba 61 de 2025</div>\r\n<div dir=\"auto\">Autores: B\u00e1rbara Dantas, Jardel Dantas, Jemmifran Dantas, Jos\u00e9 Gilvan, Jos\u00e9 L\u00facio, Luciano Dantas, Marfran Medeiros, Maria das Vit\u00f3rias, Marli de Medeiros</div>\r\n<div dir=\"auto\">Manifesta Voto de Pesar pelo falecimento da Senhora ENEDINA SEVERIANA DOS SANTOS, que era mais conhecida como NEDINA, ocorrida no dia 10 de agosto de 2025.</div>\r\n<div dir=\"auto\"></div>\r\n<div dir=\"auto\">15 - Mo\u00e7\u00e3o n\u00ba 62 de 2025</div>\r\n<div dir=\"auto\">Autor: B\u00e1rbara Dantas</div>\r\n<div dir=\"auto\">manifesta VOTOS DE CONGRATULA\u00c7\u00c3O, LOUVOR E APLAUSO \u00e0 Secretaria Municipal de Esporte e Lazer, na pessoa do Secret\u00e1rio JOS\u00c9 WILLIAN DANTAS DA CUNHA, do Coordenador de Esportes WOLNEY TEIXEIRA DANTAS DA SILVA e do Coordenador de Lazer JOS\u00c9 FELIPE DANTAS DOS SANTOS, pelo cumprimento exemplar da agenda e pelo \u00eaxito na realiza\u00e7\u00e3o do Campeonato Municipal de Society.</div>\r\n<div dir=\"auto\"></div>\r\n<div dir=\"auto\">16 - Veto n\u00ba 1 de 2025</div>\r\n<div dir=\"auto\">Autor: Kleyton Medeiros - Prefeito</div>\r\n<div dir=\"auto\">Comunico a Vossa Excel\u00eancia que, nos termos do \u00a71\u00ba do art. 44 da Lei Org\u00e2nica do Munic\u00edpio de Carna\u00faba dos Dantas-RN, decidi vetar integralmente, por contrariedade ao interesse p\u00fablico o Projeto de Lei n\u00ba 029/2025, que disp\u00f5e sobre denomina\u00e7\u00e3o da Travessa Albino Oliveira Dantas e d\u00e1 outras provid\u00eancias.</div>", "author_name": "", "version": "1.0", "author_url": "https://www.carnaubadosdantas.rn.leg.br/author/jcesar", "provider_name": "Carna\u00faba dos Dantas/RN", "type": "rich"}