{"provider_url": "https://www.carnaubadosdantas.rn.leg.br", "title": "Ordem do Dia", "html": "<div dir=\"auto\">1 - Projeto de Lei Ordin\u00e1ria n\u00ba 24 de 2025</div>\r\n<div dir=\"auto\">Autor: Kleyton Medeiros - Prefeito</div>\r\n<div dir=\"auto\">Disp\u00f5e sobre a Lei de Diretrizes Or\u00e7ament\u00e1rias para elabora\u00e7\u00e3o do or\u00e7amento geral do munic\u00edpio de Carna\u00faba dos Dantas, para exerc\u00edcio de 2026, e d\u00e1 outras provid\u00eancias.</div>\r\n<div class=\"x14z9mp xat24cr x1lziwak x1vvkbs xtlvy1s x126k92a\">\r\n<div dir=\"auto\">2 - <span class=\"html-span xdj266r x14z9mp xat24cr x1lziwak xexx8yu xyri2b x18d9i69 x1c1uobl x1hl2dhg x16tdsg8 x1vvkbs\"><a class=\"html-a xdj266r x14z9mp xat24cr x1lziwak xexx8yu xyri2b x18d9i69 x1c1uobl x1hl2dhg x16tdsg8 x1vvkbs\" tabindex=\"-1\"></a></span>Projeto de Lei Ordin\u00e1ria n\u00ba 27 de 2025</div>\r\n<div dir=\"auto\">Autor: Kleyton Medeiros - Prefeito</div>\r\n<div dir=\"auto\">Regulamenta o regime de plant\u00e3o eventual dos motoristas de ambul\u00e2ncia que exercem sua carga hor\u00e1ria em regime de plant\u00e3o e d\u00e1 outras provid\u00eancias.</div>\r\n</div>\r\n<div class=\"x14z9mp xat24cr x1lziwak x1vvkbs xtlvy1s x126k92a\">\r\n<div dir=\"auto\">3 - Projeto de Lei Ordin\u00e1ria n\u00ba 28 de 2025</div>\r\n<div dir=\"auto\">Autor: Jardel Dantas</div>\r\n<div dir=\"auto\">\u201cCONCEDE COMENDA DOM JOS\u00c9 ADELINO DANTAS A SENHORA REGINA ELEONORA DANTAS, E D\u00c1 OUTRAS PROVID\u00caNCIAS\u201d.</div>\r\n</div>\r\n<div class=\"x14z9mp xat24cr x1lziwak x1vvkbs xtlvy1s x126k92a\">\r\n<div dir=\"auto\">4 - Projeto de Lei Ordin\u00e1ria n\u00ba 29 de 2025</div>\r\n<div dir=\"auto\">Autor: Jemmifran Dantas</div>\r\n<div dir=\"auto\">\"DISP\u00d5E SOBRE A DENOMINA\u00c7\u00c3O DA TRAVESSA ALBINO OLIVEIRA DANTAS E D\u00c1 OUTRAS PROVID\u00caNCIAS.\"</div>\r\n</div>\r\n<div class=\"x14z9mp xat24cr x1lziwak x1vvkbs xtlvy1s x126k92a\">\r\n<div dir=\"auto\">5 - Projeto de Decreto Legislativo n\u00ba 26 de 2025</div>\r\n<div dir=\"auto\">Autor: B\u00e1rbara Dantas</div>\r\n<div dir=\"auto\">\u201cCONCEDE MEDALHA DE HONRA AO M\u00c9RITO \u201cDONA DESINHA\u201d AO SENHOR JOEL BALTAZAR DE MACEDO SOBRINHO, E D\u00c1 OUTRAS PROVID\u00caNCIAS\u201d.</div>\r\n</div>\r\n<div class=\"x14z9mp xat24cr x1lziwak x1vvkbs xtlvy1s x126k92a\">\r\n<div dir=\"auto\">6 - Projeto de Decreto Legislativo n\u00ba 27 de 2025</div>\r\n<div dir=\"auto\">Autor: Jardel Dantas</div>\r\n<div dir=\"auto\">\u201cCONCEDE T\u00cdTULO DE CIDAD\u00c3O CARNAUBENSE AO SENHOR DANIEL DOS SANTOS SOUZA, E D\u00c1 OUTRAS PROVID\u00caNCIAS.\u201d</div>\r\n</div>\r\n<div class=\"x14z9mp xat24cr x1lziwak x1vvkbs xtlvy1s x126k92a\">\r\n<div dir=\"auto\">7 - Projeto de Resolu\u00e7\u00e3o n\u00ba 3 de 2025</div>\r\n<div dir=\"auto\">Autor: Mesa Diretora</div>\r\n<div dir=\"auto\">DISP\u00d5E SOBRE A ADO\u00c7\u00c3O DAS NORMAS DE TRATAMENTO DIFERENCIADO, FAVORECIDO, REGIONALIZADO E SIMPLIFICADO \u00c0S MICROEMPRESAS, EMPRESAS DE PEQUENO PORTE E MICROEMPREENDEDORES INDIVIDUAIS NO \u00c2MBITO DA C\u00c2MARA MUNICIPAL DE CARNA\u00daBA DOS DANTAS/RN E D\u00c1 OUTRAS PROVID\u00caNCIAS.</div>\r\n</div>\r\n<div class=\"x14z9mp xat24cr x1lziwak x1vvkbs xtlvy1s x126k92a\">\r\n<div dir=\"auto\">8 - Indica\u00e7\u00e3o n\u00ba 158 de 2025</div>\r\n<div dir=\"auto\">Autor: Maria das Vit\u00f3rias</div>\r\n<div dir=\"auto\">Indica que, mediante disponibilidade de recursos, seja adquirido um cardioversor para o Hospital Estelita dos Santos Dantas.</div>\r\n</div>\r\n<div class=\"x14z9mp xat24cr x1lziwak x1vvkbs xtlvy1s x126k92a\">\r\n<div dir=\"auto\">9 - Indica\u00e7\u00e3o n\u00ba 159 de 2025</div>\r\n<div dir=\"auto\">Autor: Maria das Vit\u00f3rias</div>\r\n<div dir=\"auto\">Indico que, mediante disponibilidade de recursos, seja adquirido um monitor multipar\u00e2metros, port\u00e1til, para o Hospital Estelita dos Santos Dantas</div>\r\n</div>\r\n<div class=\"x14z9mp xat24cr x1lziwak x1vvkbs xtlvy1s x126k92a\">\r\n<div dir=\"auto\">10 - Indica\u00e7\u00e3o n\u00ba 160 de 2025</div>\r\n<div dir=\"auto\">Autor: Jemmifran Dantas</div>\r\n<div dir=\"auto\">Indico a aquisi\u00e7\u00e3o ou adapta\u00e7\u00e3o da rede da Areninha Potiguar M\u00e1rcio Jos\u00e9 de Oliveira Dantas, localizada neste Munic\u00edpio, com o objetivo de viabilizar a pr\u00e1tica de beach tennis.</div>\r\n</div>\r\n<div class=\"x14z9mp xat24cr x1lziwak x1vvkbs xtlvy1s x126k92a\">\r\n<div dir=\"auto\">11 - Indica\u00e7\u00e3o n\u00ba 161 de 2025</div>\r\n<div dir=\"auto\">Autor: Jemmifran Dantas</div>\r\n<div dir=\"auto\">Indico a realiza\u00e7\u00e3o de um mutir\u00e3o de limpeza e capinagem no Monte do Galo, localizado no Bairro Dom Jos\u00e9 Adelino Dantas, bem como a execu\u00e7\u00e3o do projeto itinerante \u201cPrefeitura e Voc\u00ea\u201d na mesma localidade.</div>\r\n</div>\r\n<div class=\"x14z9mp xat24cr x1lziwak x1vvkbs xtlvy1s x126k92a\">\r\n<div dir=\"auto\">12 - Indica\u00e7\u00e3o n\u00ba 162 de 2025</div>\r\n<div dir=\"auto\">Autor: Jemmifran Dantas</div>\r\n<div dir=\"auto\">Indico a implanta\u00e7\u00e3o de sinaliza\u00e7\u00e3o vertical de tr\u00e2nsito no cruzamento da Avenida Tonheca Dantas com a Rua Dona Neuza, neste Munic\u00edpio.</div>\r\n</div>\r\n<div class=\"x14z9mp xat24cr x1lziwak x1vvkbs xtlvy1s x126k92a\">\r\n<div dir=\"auto\">13 - Indica\u00e7\u00e3o n\u00ba 163 de 2025</div>\r\n<div dir=\"auto\">Autores: B\u00e1rbara Dantas, Jardel Dantas, Jemmifran Dantas, Jos\u00e9 Gilvan, Jos\u00e9 L\u00facio, Luciano Dantas, Marfran Medeiros, Maria das Vit\u00f3rias, Marli de Medeiros</div>\r\n<div dir=\"auto\">Indicamos que seja avaliada a possibilidade de disponibiliza\u00e7\u00e3o de, ao menos, uma cadeira de rodas em cada \u00f3rg\u00e3o p\u00fablico municipal, com a finalidade de oferecer suporte adequado a pessoas com defici\u00eancia ou mobilidade reduzida que necessitem utilizar tais espa\u00e7os.</div>\r\n</div>\r\n<div class=\"x14z9mp xat24cr x1lziwak x1vvkbs xtlvy1s x126k92a\">\r\n<div dir=\"auto\">14 - Indica\u00e7\u00e3o n\u00ba 164 de 2025</div>\r\n<div dir=\"auto\">Autor: Luciano Dantas</div>\r\n<div dir=\"auto\">Indico que seja realizada a mudan\u00e7a da encana\u00e7\u00e3o de esgoto na Rua Pedro Alexandre Dantas, nas proximidades da quadra Z\u00e9 Oi e da resid\u00eancia do senhor Cabor\u00e9.</div>\r\n</div>\r\n<div class=\"x14z9mp xat24cr x1lziwak x1vvkbs xtlvy1s x126k92a\">\r\n<div dir=\"auto\">15 - Mo\u00e7\u00e3o n\u00ba 37 de 2025</div>\r\n<div dir=\"auto\">Autor: Maria das Vit\u00f3rias</div>\r\n<div dir=\"auto\">Manifesta VOTOS DE CONGRATULA\u00c7\u00c3O, LOUVOR E APLAUSO ao senhor Francisco Dantas Bezerra, pela sua recondu\u00e7\u00e3o, pela quarta vez, \u00e0 presid\u00eancia da Associa\u00e7\u00e3o dos Ceramistas de Carna\u00faba dos Dantas</div>\r\n</div>\r\n<div class=\"x14z9mp xat24cr x1lziwak x1vvkbs xtlvy1s x126k92a\">\r\n<div dir=\"auto\">16 - Mo\u00e7\u00e3o n\u00ba 38 de 2025</div>\r\n<div dir=\"auto\">Autor: Marfran Medeiros</div>\r\n<div dir=\"auto\">Manifesta VOTOS DE CONGRATULA\u00c7\u00c3O, LOUVOR \u00e0 equipe da Creche Marta Maria Medeiros, na pessoa de sua gestora, JUCIMARA R\u00c9GIA DOS SANTOS V\u00cdTOR, pela realiza\u00e7\u00e3o do Arraial da Marta Maria, ocorrido no dia 12 de junho de 2025, no espa\u00e7o do Vila do Forr\u00f3.</div>\r\n</div>\r\n<div class=\"x14z9mp xat24cr x1lziwak x1vvkbs xtlvy1s x126k92a\">\r\n<div dir=\"auto\">17 - Mo\u00e7\u00e3o n\u00ba 39 de 2025</div>\r\n<div dir=\"auto\">Autor: Marfran Medeiros</div>\r\n<div dir=\"auto\">Manifesta VOTOS DE CONGRATULA\u00c7\u00c3O, LOUVOR \u00e0 equipe do Centro Municipal de Educa\u00e7\u00e3o Infantil (CEMEI) Francisca Neusa Dantas, na pessoa de sua gestora, REJANE MEDEIROS DANTAS, pela realiza\u00e7\u00e3o do Arraial da Sinh\u00e1 Neusa, ocorrido no dia 12 de junho de 2025, no espa\u00e7o da Vila do Forr\u00f3.</div>\r\n</div>\r\n<div class=\"x14z9mp xat24cr x1lziwak x1vvkbs xtlvy1s x126k92a\">\r\n<div dir=\"auto\">18 - Mo\u00e7\u00e3o n\u00ba 40 de 2025</div>\r\n<div dir=\"auto\">Autor: Marfran Medeiros</div>\r\n<div dir=\"auto\">Manifesta VOTOS DE CONGRATULA\u00c7\u00c3O, LOUVOR E APLAUSO em homenagem \u00e0 Escola Municipal Francisco Macedo Dantas, na pessoa de sua gestora, MARIA HELENA DANTAS, pela brilhante realiza\u00e7\u00e3o do evento \"Arrai\u00e1 Luar do Sert\u00e3o e a Saga de um Vaqueiro\", ocorrido no dia 6 de junho de 2025, no povoado onde est\u00e1 localizada a unidade escolar.</div>\r\n</div>\r\n<div class=\"x14z9mp xat24cr x1lziwak x1vvkbs xtlvy1s x126k92a\">\r\n<div dir=\"auto\">19 - Mo\u00e7\u00e3o n\u00ba 41 de 2025</div>\r\n<div dir=\"auto\">Autor: Marfran Medeiros</div>\r\n<div dir=\"auto\">Manifesta VOTOS DE CONGRATULA\u00c7\u00c3O, LOUVOR E APLAUSO \u00e0 Secretaria Municipal de Assist\u00eancia Social, na pessoa de sua secret\u00e1ria, ALCIENE ARA\u00daJO DA CRUZ, pela realiza\u00e7\u00e3o do Arraial da SMAS, ocorrido no dia 11 de junho de 2025, no espa\u00e7o do Vila do Forr\u00f3.</div>\r\n</div>\r\n<div class=\"x14z9mp xat24cr x1lziwak x1vvkbs xtlvy1s x126k92a\">\r\n<div dir=\"auto\">20 - Mo\u00e7\u00e3o n\u00ba 42 de 2025</div>\r\n<div dir=\"auto\">Autores: B\u00e1rbara Dantas, Jardel Dantas, Jemmifran Dantas, Jos\u00e9 Gilvan, Jos\u00e9 L\u00facio, Luciano Dantas, Marfran Medeiros, Maria das Vit\u00f3rias, Marli de Medeiros</div>\r\n<div dir=\"auto\">Manifesta Voto de Pesar pelo falecimento da Senhora SEVERINA LAURENINO DE ARA\u00daJO, que era mais conhecida como DONA SEVERA, ocorrida no dia 5 de junho de 2025.</div>\r\n</div>\r\n<div class=\"x14z9mp xat24cr x1lziwak x1vvkbs xtlvy1s x126k92a\">\r\n<div dir=\"auto\">21 - Mo\u00e7\u00e3o n\u00ba 43 de 2025</div>\r\n<div dir=\"auto\">Autor: Maria das Vit\u00f3rias</div>\r\n<div dir=\"auto\">Manifesta VOTOS DE CONGRATULA\u00c7\u00c3O, LOUVOR E APLAUSO aos empres\u00e1rios Patr\u00edcia Dantas de Ara\u00fajo Medeiros e Cristiano Dantas de Ara\u00fajo, da empresa Floretta Fest, pela destacada participa\u00e7\u00e3o no evento Celebra Show, uma renomada feira B2B (business-to-business) voltada ao setor de celebra\u00e7\u00f5es, realizada no Expo Center Norte, em S\u00e3o Paulo.</div>\r\n</div>", "author_name": "", "version": "1.0", "author_url": "https://www.carnaubadosdantas.rn.leg.br/author/jcesar", "provider_name": "Carna\u00faba dos Dantas/RN", "type": "rich"}