{"provider_url": "https://www.carnaubadosdantas.rn.leg.br", "title": "Ordem do dia", "html": "<div dir=\"auto\">1 - Projeto de Decreto Legislativo n\u00ba 18 de 2025</div>\r\n<div dir=\"auto\">Autor: Marli de Medeiros</div>\r\n<div dir=\"auto\">\u201cCONCEDE MEDALHA DE HONRA AO M\u00c9RITO \u201cDONA TAT\u00c1\u201d A SENHORA MARIA DAS GRA\u00c7AS DANTAS BATISTA, E D\u00c1 OUTRAS PROVID\u00caNCIAS\u201d.</div>\r\n<div class=\"x11i5rnm xat24cr x1mh8g0r x1vvkbs xtlvy1s x126k92a\">\r\n<div dir=\"auto\">2 - <span class=\"html-span xdj266r x11i5rnm xat24cr x1mh8g0r xexx8yu x4uap5 x18d9i69 xkhd6sd x1hl2dhg x16tdsg8 x1vvkbs\"><a class=\"html-a xdj266r x11i5rnm xat24cr x1mh8g0r xexx8yu x4uap5 x18d9i69 xkhd6sd x1hl2dhg x16tdsg8 x1vvkbs\" tabindex=\"-1\"></a></span>Projeto de Decreto Legislativo n\u00ba 20 de 2025</div>\r\n<div dir=\"auto\">Autor: Jemmifran Dantas</div>\r\n<div dir=\"auto\">\u201cCONCEDE T\u00cdTULO DE CIDAD\u00c3 CARNAUBENSE \u00c0 SENHORA ADRIANA CARLA FONSECA DA SILVA, E D\u00c1 OUTRAS PROVID\u00caNCIAS.\u201d</div>\r\n</div>\r\n<div class=\"x11i5rnm xat24cr x1mh8g0r x1vvkbs xtlvy1s x126k92a\">\r\n<div dir=\"auto\">3 - Indica\u00e7\u00e3o n\u00ba 146 de 2025</div>\r\n<div dir=\"auto\">Autor: Marli de Medeiros</div>\r\n<div dir=\"auto\">Que seja viabilizada a implanta\u00e7\u00e3o de um programa de Educa\u00e7\u00e3o em Valores nas escolas da Rede Municipal de Ensino de Carna\u00faba dos Dantas, contemplando atividades pedag\u00f3gicas voltadas \u00e0 reflex\u00e3o \u00e9tica, cidadania, empatia e conviv\u00eancia democr\u00e1tica, com apoio e parceria do Curso de Filosofia da Universidade do Estado do Rio Grande do Norte (UERN), Campus Caic\u00f3.</div>\r\n</div>\r\n<div class=\"x11i5rnm xat24cr x1mh8g0r x1vvkbs xtlvy1s x126k92a\">\r\n<div dir=\"auto\">4 - Indica\u00e7\u00e3o n\u00ba 147 de 2025</div>\r\n<div dir=\"auto\">Autores: B\u00e1rbara Dantas, Maria das Vit\u00f3rias, Marli de Medeiros</div>\r\n<div dir=\"auto\">Que seja estudada a cria\u00e7\u00e3o e implementa\u00e7\u00e3o de um Protocolo Municipal de Atendimento \u00e0 Mulher em Situa\u00e7\u00e3o de Viol\u00eancia, integrando os servi\u00e7os de sa\u00fade, assist\u00eancia social, seguran\u00e7a p\u00fablica e rede de prote\u00e7\u00e3o, al\u00e9m da implanta\u00e7\u00e3o de um canal de den\u00fancia an\u00f4nima, que garanta sigilo e prote\u00e7\u00e3o \u00e0 denunciante.:</div>\r\n</div>\r\n<div class=\"x11i5rnm xat24cr x1mh8g0r x1vvkbs xtlvy1s x126k92a\">\r\n<div dir=\"auto\">5 - Indica\u00e7\u00e3o n\u00ba 148 de 2025</div>\r\n<div dir=\"auto\">Autor: Marfran Medeiros</div>\r\n<div dir=\"auto\">Indico que seja realizado o reparo na lombada situada na Rua Silv\u00e9rio Rodrigues de Carvalho, nas proximidades do Mercadinho Keullen Mais, com o objetivo de garantir maior seguran\u00e7a vi\u00e1ria aos moradores e transeuntes daquela localidade.</div>\r\n</div>\r\n<div class=\"x11i5rnm xat24cr x1mh8g0r x1vvkbs xtlvy1s x126k92a\">\r\n<div dir=\"auto\">6 - Indica\u00e7\u00e3o n\u00ba 149 de 2025</div>\r\n<div dir=\"auto\">Autor: Maria das Vit\u00f3rias</div>\r\n<div dir=\"auto\">Indico que seja realizado o conserto da placa de sinaliza\u00e7\u00e3o localizada no trevo do povoado Rajada, que interliga as rodovias RN 288 e RN 086.</div>\r\n</div>\r\n<div class=\"x11i5rnm xat24cr x1mh8g0r x1vvkbs xtlvy1s x126k92a\">\r\n<div dir=\"auto\">7 - Mo\u00e7\u00e3o n\u00ba 35 de 2025</div>\r\n<div dir=\"auto\">Autores: B\u00e1rbara Dantas, Jardel Dantas, Jemmifran Dantas, Jos\u00e9 Gilvan, Jos\u00e9 L\u00facio, Luciano Dantas, Marfran Medeiros, Maria das Vit\u00f3rias, Marli de Medeiros</div>\r\n<div dir=\"auto\">Manifesta Voto de Pesar pelo falecimento da Senhor EDMILSON JOS\u00c9 DA SILVA, que era mais conhecido como P\u00c9 DE BOLA, ocorrido no dia 31 de maio de 2025.</div>\r\n</div>\r\n<div class=\"x11i5rnm xat24cr x1mh8g0r x1vvkbs xtlvy1s x126k92a\">\r\n<div dir=\"auto\">8 - Mo\u00e7\u00e3o n\u00ba 36 de 2025</div>\r\n<div dir=\"auto\">Autor: Maria das Vit\u00f3rias</div>\r\n<div dir=\"auto\">Manifesta VOTOS DE CONGRATULA\u00c7\u00c3O, LOUVOR E APLAUSO a todos os profissionais de enfermagem do munic\u00edpio de Carna\u00faba dos Dantas, em nome de Maria Edineuza Dantas e Jos\u00e9 Eudes da Silva, pela nobre miss\u00e3o de cuidar da vida humana com dedica\u00e7\u00e3o, empatia e compet\u00eancia, sendo pilares fundamentais da sa\u00fade p\u00fablica local.</div>\r\n</div>", "author_name": "", "version": "1.0", "author_url": "https://www.carnaubadosdantas.rn.leg.br/author/jcesar", "provider_name": "Carna\u00faba dos Dantas/RN", "type": "rich"}