{"provider_url": "https://www.carnaubadosdantas.rn.leg.br", "title": "Ordem do dia ", "html": "<p>1 - Projeto de Decreto Legislativo n\u00ba 13 de 2025<br />Autor: Jemmifran Dantas <br />\u201cCONCEDE T\u00cdTULO DE CIDAD\u00c3 CARNAUBENSE \u00c0 SENHORA J\u00c9SSICA DE LIMA GARCIA, E D\u00c1 OUTRAS PROVID\u00caNCIAS.\u201d</p>\r\n<p>2 - Projeto de Decreto Legislativo n\u00ba 14 de 2025<br />Autor: Marli de Medeiros <br />\u201cCONCEDE MEDALHA DE HONRA AO M\u00c9RITO \u201cDONA TAT\u00c1\u201d A SENHORA MARIA DAS VIT\u00d3RIAS DANTAS, E D\u00c1 OUTRAS PROVID\u00caNCIAS\u201d.</p>\r\n<p>3 - Projeto de Decreto Legislativo n\u00ba 15 de 2025<br />Autor: Maria das Vit\u00f3rias <br />\u201cCONCEDE T\u00cdTULO DE CIDAD\u00c3 CARNAUBENSE \u00c0 SENHORA KARLA MICHERLY DA SILVA GOMES, E D\u00c1 OUTRAS PROVID\u00caNCIAS.\u201d</p>\r\n<p>4 - Projeto de Decreto Legislativo n\u00ba 16 de 2025<br />Autor: Maria das Vit\u00f3rias <br />\u201cCONCEDE MEDALHA DE HONRA AO M\u00c9RITO \u201cDONA TAT\u00c1\u201d A SENHORA ANA K\u00c9SSIA DANTAS BEZERRA, E D\u00c1 OUTRAS PROVID\u00caNCIAS\u201d.</p>\r\n<p>5 - Projeto de Decreto Legislativo n\u00ba 17 de 2025<br />Autor: Marli de Medeiros <br />\u201cCONCEDE MEDALHA DE HONRA AO M\u00c9RITO \u201cDONA TAT\u00c1\u201d A SENHORA INALVA NELMA DANTAS, E D\u00c1 OUTRAS PROVID\u00caNCIAS\u201d.</p>\r\n<p>6 - Projeto de Decreto Legislativo n\u00ba 18 de 2025<br />Autor: Marli de Medeiros <br />\u201cCONCEDE MEDALHA DE HONRA AO M\u00c9RITO \u201cDONA TAT\u00c1\u201d A SENHORA MARIA DAS GRA\u00c7AS DANTAS BATISTA, E D\u00c1 OUTRAS PROVID\u00caNCIAS\u201d.</p>\r\n<p>7 - Projeto de Decreto Legislativo n\u00ba 19 de 2025<br />Autor: Luciano Dantas <br />\u201cCONCEDE T\u00cdTULO DE CIDAD\u00c3O CARNAUBENSE AO SENHOR JOS\u00c9 M\u00c1RIO DE AZEVEDO, E D\u00c1 OUTRAS PROVID\u00caNCIAS.\u201d</p>\r\n<p>8 - Indica\u00e7\u00e3o n\u00ba 138 de 2025<br />Autor: Jemmifran Dantas <br />Indico a aquisi\u00e7\u00e3o de uma academia de sa\u00fade ao ar livre no cal\u00e7ad\u00e3o da Rua Juvenal Lamartine, por tr\u00e1s da Escola Estadual Jo\u00e3o Henrique Dantas, neste Munic\u00edpio.</p>\r\n<p>9 - Indica\u00e7\u00e3o n\u00ba 139 de 2025<br />Autor: Jemmifran Dantas <br />Indico a confec\u00e7\u00e3o e instala\u00e7\u00e3o de uma placa com a identifica\u00e7\u00e3o do nome do cemit\u00e9rio p\u00fablico deste Munic\u00edpio.</p>\r\n<p>10 - Indica\u00e7\u00e3o n\u00ba 140 de 2025<br />Autor: Luciano Dantas <br />Indico que seja realizada, com a m\u00e1xima urg\u00eancia, a substitui\u00e7\u00e3o dos canos da rede de abastecimento de \u00e1gua na Rua Nat\u00e1lia Medeiros, nas proximidades da resid\u00eancia do senhor Jardel de Micharia.</p>\r\n<p>11 - Indica\u00e7\u00e3o n\u00ba 141 de 2025<br />Autor: B\u00e1rbara Dantas <br />aquisi\u00e7\u00e3o de um sensor digital para reativa\u00e7\u00e3o do servi\u00e7o de radiologia odontol\u00f3gica no munic\u00edpio de Carna\u00faba dos Dantas.</p>\r\n<p>12 - Indica\u00e7\u00e3o n\u00ba 142 de 2025<br />Autor: Maria das Vit\u00f3rias <br />Indica que seja estudada a possibilidade de reutiliza\u00e7\u00e3o do espa\u00e7o da Escola Francisco Adelino, atualmente sem utilidade e em estado f\u00edsico em ru\u00ednas.</p>\r\n<p>13 - Indica\u00e7\u00e3o n\u00ba 143 de 2025<br />Autor: Maria das Vit\u00f3rias <br />Indica que a Rua Herm\u00ednia Theodora, situada no povoado Rajada, seja inclu\u00edda e listada entre as ruas sem pavimenta\u00e7\u00e3o do munic\u00edpio, visando sua futura pavimenta\u00e7\u00e3o.</p>\r\n<p>14 - Indica\u00e7\u00e3o n\u00ba 144 de 2025<br />Autor: Maria das Vit\u00f3rias <br />Indica que seja desenvolvido, por parte da Prefeitura Municipal, uma campanha de conscientiza\u00e7\u00e3o e orienta\u00e7\u00e3o junto aos donos de c\u00e3es de grande porte, visando o uso obrigat\u00f3rio de focinheira e/ou guia com enforcador nos espa\u00e7os p\u00fablicos do munic\u00edpio.</p>\r\n<p>15 - Indica\u00e7\u00e3o n\u00ba 145 de 2025<br />Autor: B\u00e1rbara Dantas <br />Indica a cria\u00e7\u00e3o de um Programa Municipal de Apoio \u00e0 Sa\u00fade Mental dos Servidores P\u00fablicos Municipais de Carna\u00faba\u00a0dos\u00a0Dantas/RN</p>", "author_name": "", "version": "1.0", "author_url": "https://www.carnaubadosdantas.rn.leg.br/author/jcesar", "provider_name": "Carna\u00faba dos Dantas/RN", "type": "rich"}