{"provider_url": "https://www.carnaubadosdantas.rn.leg.br", "title": "Ordem do dia ", "html": "<div dir=\"auto\">1 - Projeto de Lei Ordin\u00e1ria n\u00ba 25 de 2025</div>\r\n<div dir=\"auto\">Autor: Kleyton Medeiros - Prefeito</div>\r\n<div dir=\"auto\">\u201cDisp\u00f5e sobre a reestrutura\u00e7\u00e3o do Conselho Municipal dos Direitos da Crian\u00e7a e do Adolescente (CMDCA), do Conselho Tutelar dos Direitos da Crian\u00e7a e do Adolescente e do Fundo da Inf\u00e2ncia e do Adolescente do Munic\u00edpio de Carna\u00faba dos Dantas - FIA e d\u00e1 outras provid\u00eancias.\u201d</div>\r\n<div class=\"x11i5rnm xat24cr x1mh8g0r x1vvkbs xtlvy1s x126k92a\">\r\n<div dir=\"auto\">2 - <span class=\"html-span xdj266r x11i5rnm xat24cr x1mh8g0r xexx8yu x4uap5 x18d9i69 xkhd6sd x1hl2dhg x16tdsg8 x1vvkbs\"><a class=\"html-a xdj266r x11i5rnm xat24cr x1mh8g0r xexx8yu x4uap5 x18d9i69 xkhd6sd x1hl2dhg x16tdsg8 x1vvkbs\" tabindex=\"-1\"></a></span>Projeto de Decreto Legislativo n\u00ba 11 de 2025</div>\r\n<div dir=\"auto\">Autor: Jemmifran Dantas</div>\r\n<div dir=\"auto\">\u201cCONCEDE T\u00cdTULO DE CIDAD\u00c3 CARNAUBENSE \u00c0 SENHORA THAYNARA VIT\u00d3RIA DANTAS SILV\u00c9RIO, E D\u00c1 OUTRAS PROVID\u00caNCIAS.\u201d</div>\r\n</div>\r\n<div class=\"x11i5rnm xat24cr x1mh8g0r x1vvkbs xtlvy1s x126k92a\">\r\n<div dir=\"auto\">3 - Projeto de Decreto Legislativo n\u00ba 12 de 2025</div>\r\n<div dir=\"auto\">Autor: Luciano Dantas</div>\r\n<div dir=\"auto\">\u201cCONCEDE T\u00cdTULO DE CIDAD\u00c3 CARNAUBENSE AO SENHOR SHEYSON FERNANDES DA SILVA SOUZA, E D\u00c1 OUTRAS PROVID\u00caNCIAS.\u201d</div>\r\n</div>\r\n<div class=\"x11i5rnm xat24cr x1mh8g0r x1vvkbs xtlvy1s x126k92a\">\r\n<div dir=\"auto\">4 - Requerimento n\u00ba 13 de 2025</div>\r\n<div dir=\"auto\">Autor: Jos\u00e9 L\u00facio</div>\r\n<div dir=\"auto\">O vereador que este subscreve, no uso de suas atribui\u00e7\u00f5es legais e regimentais, requer, ao Senhor Presidente, que ap\u00f3s ouvido o Plen\u00e1rio, seja incluso em regime de urg\u00eancia o Projeto de Resolu\u00e7\u00e3o N\u00ba002/2025 encaminhado pela Mesa Diretora.</div>\r\n</div>\r\n<div class=\"x11i5rnm xat24cr x1mh8g0r x1vvkbs xtlvy1s x126k92a\">\r\n<div dir=\"auto\">5 - Projeto de Resolu\u00e7\u00e3o n\u00ba 2 de 2025</div>\r\n<div dir=\"auto\">Autor: Mesa Diretora</div>\r\n<div dir=\"auto\">AUTORIZA A C\u00c2MARA MUNICIPAL DE CARN\u00c1UBA DOS DANTAS/RN A CELEBRAR CONV\u00caNIO COM A ABEL \u2013 ASSOCIA\u00c7\u00c3O BRASILEIRA DE ESCOLAS DO LEGISLATIVO E DE CONTAS.</div>\r\n</div>\r\n<div class=\"x11i5rnm xat24cr x1mh8g0r x1vvkbs xtlvy1s x126k92a\">\r\n<div dir=\"auto\">6 - Indica\u00e7\u00e3o n\u00ba 120 de 2025</div>\r\n<div dir=\"auto\">Autor: Jos\u00e9 Gilvan</div>\r\n<div dir=\"auto\">Indica que sejam implantados sem\u00e1foros de sinaliza\u00e7\u00e3o em pontos estrat\u00e9gicos do munic\u00edpio, sendo dois na Rua Tonheca Dantas \u2014 o primeiro no cruzamento entre as ruas Olao e Moreirinha, e o segundo na travessa situada entre a resid\u00eancia de Valdenor e o Posto Central \u2014 e terceiro na Rua Juvenal Lamartine, na travessa localizada entre a resid\u00eancia de Marcos de Elita e a Biblioteca Donatilla Dantas.</div>\r\n</div>\r\n<div class=\"x11i5rnm xat24cr x1mh8g0r x1vvkbs xtlvy1s x126k92a\">\r\n<div dir=\"auto\">7 - Indica\u00e7\u00e3o n\u00ba 121 de 2025</div>\r\n<div dir=\"auto\">Autores: Jemmifran Dantas, Jos\u00e9 Gilvan</div>\r\n<div dir=\"auto\">Indicamos a constru\u00e7\u00e3o de uma \u00e1rea de academia ao ar livre e de um parque infantil nos canteiros pr\u00f3ximos \u00e0 parada de \u00f4nibus do Monte do Galo, neste Munic\u00edpio.</div>\r\n</div>\r\n<div class=\"x11i5rnm xat24cr x1mh8g0r x1vvkbs xtlvy1s x126k92a\">\r\n<div dir=\"auto\">8 - Indica\u00e7\u00e3o n\u00ba 122 de 2025</div>\r\n<div dir=\"auto\">Autor: Jos\u00e9 Gilvan</div>\r\n<div dir=\"auto\">Indica que seja realizada a pintura da Pra\u00e7a Caetano Dantas, especificamente na regi\u00e3o dos quiosques de Kak\u00e1, com o objetivo de revitalizar o espa\u00e7o urbano e promover um ambiente mais agrad\u00e1vel para a popula\u00e7\u00e3o.</div>\r\n</div>\r\n<div class=\"x11i5rnm xat24cr x1mh8g0r x1vvkbs xtlvy1s x126k92a\">\r\n<div dir=\"auto\">9 - Indica\u00e7\u00e3o n\u00ba 123 de 2025</div>\r\n<div dir=\"auto\">Autor: Jemmifran Dantas</div>\r\n<div dir=\"auto\">Indico o conserto do mata-burro localizado na entrada do Povoado Santo Ant\u00f4nio, conhecido popularmente como \u201cCobra\u201d, neste Munic\u00edpio.</div>\r\n</div>\r\n<div class=\"x11i5rnm xat24cr x1mh8g0r x1vvkbs xtlvy1s x126k92a\">\r\n<div dir=\"auto\">10 - Indica\u00e7\u00e3o n\u00ba 124 de 2025</div>\r\n<div dir=\"auto\">Autor: Jemmifran Dantas</div>\r\n<div dir=\"auto\">Indico a pavimenta\u00e7\u00e3o e a implanta\u00e7\u00e3o da rede de esgoto da Rua Dailton D\u00e9cio de Medeiros, neste Munic\u00edpio.</div>\r\n</div>\r\n<div class=\"x11i5rnm xat24cr x1mh8g0r x1vvkbs xtlvy1s x126k92a\">\r\n<div dir=\"auto\">11 - Indica\u00e7\u00e3o n\u00ba 125 de 2025</div>\r\n<div dir=\"auto\">Autor: B\u00e1rbara Dantas</div>\r\n<div dir=\"auto\">Solicita a constru\u00e7\u00e3o de passagens de pedestres com eleva\u00e7\u00e3o (lombofaixas) ao lado da Socfarm S\u00e3o Jos\u00e9, da Pra\u00e7a do Instituto e da Escola Estadual Jo\u00e3o Henrique Dantas.</div>\r\n</div>\r\n<div class=\"x11i5rnm xat24cr x1mh8g0r x1vvkbs xtlvy1s x126k92a\">\r\n<div dir=\"auto\">12 - Indica\u00e7\u00e3o n\u00ba 126 de 2025</div>\r\n<div dir=\"auto\">Autor: Luciano Dantas</div>\r\n<div dir=\"auto\">Indico que seja realizado um mutir\u00e3o de limpeza no Bairro Santa Rita, com o objetivo de promover melhorias na higiene urbana e bem-estar dos moradores da localidade.</div>\r\n</div>\r\n<div class=\"x11i5rnm xat24cr x1mh8g0r x1vvkbs xtlvy1s x126k92a\">\r\n<div dir=\"auto\">13 - Indica\u00e7\u00e3o n\u00ba 127 de 2025</div>\r\n<div dir=\"auto\">Autor: Marfran Medeiros</div>\r\n<div dir=\"auto\">Indica que seja realizada a limpeza de capinagem (retirada da vegeta\u00e7\u00e3o que cresce sobre a via) na Rua Jos\u00e9 Ven\u00e2ncio, nas proximidades do cruzamento com a Rua Jos\u00e9 Fernandes.</div>\r\n</div>\r\n<div class=\"x11i5rnm xat24cr x1mh8g0r x1vvkbs xtlvy1s x126k92a\">\r\n<div dir=\"auto\">14 - Indica\u00e7\u00e3o n\u00ba 128 de 2025</div>\r\n<div dir=\"auto\">Autor: Marli de Medeiros</div>\r\n<div dir=\"auto\">Indico que seja promovido o incentivo \u00e0s modalidades esportivas voltadas ao p\u00fablico feminino, com a disponibiliza\u00e7\u00e3o de espa\u00e7o adequado e a\u00e7\u00f5es que estimulem a participa\u00e7\u00e3o das mulheres nas pr\u00e1ticas esportivas no munic\u00edpio.</div>\r\n</div>\r\n<div class=\"x11i5rnm xat24cr x1mh8g0r x1vvkbs xtlvy1s x126k92a\">\r\n<div dir=\"auto\">15 - Indica\u00e7\u00e3o n\u00ba 129 de 2025</div>\r\n<div dir=\"auto\">Autor: Jos\u00e9 L\u00facio</div>\r\n<div dir=\"auto\">Indica aos \u00f3rg\u00e3os competentes a retirada do canteiro central em frente ao Hospital Estelita dos Santos Dantas, no Conjunto Santa Rita, neste munic\u00edpio, com o prop\u00f3sito de proporcionar um espa\u00e7o mais amplo e adequado para estacionamento.</div>\r\n</div>\r\n<div class=\"x11i5rnm xat24cr x1mh8g0r x1vvkbs xtlvy1s x126k92a\">\r\n<div dir=\"auto\">16 - Indica\u00e7\u00e3o n\u00ba 130 de 2025</div>\r\n<div dir=\"auto\">Autor: Maria das Vit\u00f3rias</div>\r\n<div dir=\"auto\">Indico que seja estudada a viabilidade da realiza\u00e7\u00e3o de atendimento odontol\u00f3gico voltado especificamente ao trabalhador da zona rural deste Munic\u00edpio</div>\r\n</div>\r\n<div class=\"x11i5rnm xat24cr x1mh8g0r x1vvkbs xtlvy1s x126k92a\">\r\n<div dir=\"auto\">17 - Indica\u00e7\u00e3o n\u00ba 131 de 2025</div>\r\n<div dir=\"auto\">Autor: Jardel Dantas</div>\r\n<div dir=\"auto\">Indico a pavimenta\u00e7\u00e3o das seguintes vias p\u00fablicas no munic\u00edpio de Carna\u00faba dos Dantas/RN: Rua Juvenal Lamartine, nas proximidades da Igreja Realidade em Cristo, e Rua Manoel Chico, em frente \u00e0 Igreja O Novo Caminho, com o objetivo de melhorar a infraestrutura urbana e garantir melhores condi\u00e7\u00f5es de tr\u00e1fego e acessibilidade para os moradores e frequentadores daquelas localidades.</div>\r\n</div>\r\n<div class=\"x11i5rnm xat24cr x1mh8g0r x1vvkbs xtlvy1s x126k92a\">\r\n<div dir=\"auto\">18 - Indica\u00e7\u00e3o n\u00ba 132 de 2025</div>\r\n<div dir=\"auto\">Autor: Jardel Dantas</div>\r\n<div dir=\"auto\">Indica que o futuro espa\u00e7o da Academia ao Ar Livre a ser implantado no Povoado Ermo receba o nome de \u201cFrancisco Adelino Filho\u201d, mais conhecido como \u201cChiquinho Barulh\u00e3o\u201d, em reconhecimento \u00e0 sua contribui\u00e7\u00e3o social e ao seu legado comunit\u00e1rio.</div>\r\n</div>\r\n<div class=\"x11i5rnm xat24cr x1mh8g0r x1vvkbs xtlvy1s x126k92a\">\r\n<div dir=\"auto\">19 - Indica\u00e7\u00e3o n\u00ba 133 de 2025</div>\r\n<div dir=\"auto\">Autor: Jardel Dantas</div>\r\n<div dir=\"auto\">Indica a realiza\u00e7\u00e3o de um mutir\u00e3o de limpeza urbana, aliado \u00e0 execu\u00e7\u00e3o do programa itinerante \u201cPrefeitura e Voc\u00ea\u201d, no Povoado Ermo, com o objetivo de promover melhorias na infraestrutura, higiene e atendimento direto \u00e0 popula\u00e7\u00e3o local.</div>\r\n</div>\r\n<div class=\"x11i5rnm xat24cr x1mh8g0r x1vvkbs xtlvy1s x126k92a\">\r\n<div dir=\"auto\">20 - Indica\u00e7\u00e3o n\u00ba 134 de 2025</div>\r\n<div dir=\"auto\">Autor: Jardel Dantas</div>\r\n<div dir=\"auto\">Indico a instala\u00e7\u00e3o de um redutor de velocidade (lombada) na Rua Oleg\u00e1rio Flor\u00eancio Dantas, localizada no Povoado Ermo, com o objetivo de aumentar a seguran\u00e7a vi\u00e1ria para os moradores e pedestres da localidade.</div>\r\n</div>\r\n<div class=\"x11i5rnm xat24cr x1mh8g0r x1vvkbs xtlvy1s x126k92a\">\r\n<div dir=\"auto\">21 - Indica\u00e7\u00e3o n\u00ba 135 de 2025</div>\r\n<div dir=\"auto\">Autor: B\u00e1rbara Dantas</div>\r\n<div dir=\"auto\">Realiza\u00e7\u00e3o de terraplanagem e instala\u00e7\u00e3o de ilumina\u00e7\u00e3o p\u00fablica na \u00e1rea de caminhada do Horto Florestal, com o objetivo de oferecer um ambiente mais seguro e adequado para os praticantes da modalidade, especialmente durante os hor\u00e1rios de menor luminosidade.</div>\r\n</div>\r\n<div class=\"x11i5rnm xat24cr x1mh8g0r x1vvkbs xtlvy1s x126k92a\">\r\n<div dir=\"auto\">22 - Indica\u00e7\u00e3o n\u00ba 136 de 2025</div>\r\n<div dir=\"auto\">Autor: B\u00e1rbara Dantas</div>\r\n<div dir=\"auto\">Elaborado um projeto financeiro e estrutural com vistas \u00e0 instala\u00e7\u00e3o de uma cobertura em uma das ruas paralelas ao Santu\u00e1rio de Nossa Senhora das Vit\u00f3rias, a fim de melhor acomodar os romeiros que visitam o Monte do Galo; Disponibilizado sinal de Wi-Fi com acesso livre no entorno do Monte do Galo, visando oferecer conectividade e acolhimento aos visitantes.</div>\r\n</div>\r\n<div class=\"x11i5rnm xat24cr x1mh8g0r x1vvkbs xtlvy1s x126k92a\">\r\n<div dir=\"auto\">23 - Indica\u00e7\u00e3o n\u00ba 137 de 2025</div>\r\n<div dir=\"auto\">Autor: B\u00e1rbara Dantas</div>\r\n<div dir=\"auto\">instalados bra\u00e7os de luz e ilumina\u00e7\u00e3o composta na lateral do terreno situado ao lado do lava-jato, na Avenida Juvenal Lamartine, em um trecho que se encontra bastante escuro e que pertence ao munic\u00edpio, localizado \u00e0 beira da pista.</div>\r\n</div>\r\n<div class=\"x11i5rnm xat24cr x1mh8g0r x1vvkbs xtlvy1s x126k92a\">\r\n<div dir=\"auto\">24 - Mo\u00e7\u00e3o n\u00ba 33 de 2025</div>\r\n<div dir=\"auto\">Autores: TODOS OS EDIS</div>\r\n<div dir=\"auto\">Manifesta Voto de Pesar pelo falecimento da Senhor MANOEL JOS\u00c9 DE MEDEIROS, que era mais conhecido como MANOEL DE VEN\u00caZIO, ocorrido no dia 14 de maio de 2025.</div>\r\n</div>\r\n<div class=\"x11i5rnm xat24cr x1mh8g0r x1vvkbs xtlvy1s x126k92a\">\r\n<div dir=\"auto\">25 - Mo\u00e7\u00e3o n\u00ba 34 de 2025</div>\r\n<div dir=\"auto\">Autores: TODOS OS EDIS</div>\r\n<div dir=\"auto\">Manifesta Voto de Pesar pelo falecimento da Senhor JOS\u00c9 LUIZ DE MOURA, que era mais conhecido como PEP\u00c9, ocorrido no dia 17 de maio de 2025.</div>\r\n</div>", "author_name": "", "version": "1.0", "author_url": "https://www.carnaubadosdantas.rn.leg.br/author/jcesar", "provider_name": "Carna\u00faba dos Dantas/RN", "type": "rich"}