{"provider_url": "https://www.carnaubadosdantas.rn.leg.br", "title": "Ordem do dia", "html": "<div dir=\"auto\">1 - Projeto de Decreto Legislativo n\u00ba 6 de 2025</div>\r\n<div dir=\"auto\">Autor: Maria das Vit\u00f3rias</div>\r\n<div dir=\"auto\">\u201cCONCEDE T\u00cdTULO DE CIDAD\u00c3O CARNAUBENSE AO SENHOR M\u00c1RCIO BRUNO GOMES DE OLIVEIRA, E D\u00c1 OUTRAS PROVID\u00caNCIAS.\u201d</div>\r\n<div class=\"x11i5rnm xat24cr x1mh8g0r x1vvkbs xtlvy1s x126k92a\">\r\n<div dir=\"auto\">2 - <span class=\"html-span xdj266r x11i5rnm xat24cr x1mh8g0r xexx8yu x4uap5 x18d9i69 xkhd6sd x1hl2dhg x16tdsg8 x1vvkbs\"><a class=\"html-a xdj266r x11i5rnm xat24cr x1mh8g0r xexx8yu x4uap5 x18d9i69 xkhd6sd x1hl2dhg x16tdsg8 x1vvkbs\" tabindex=\"-1\"></a></span>Projeto de Decreto Legislativo n\u00ba 7 de 2025</div>\r\n<div dir=\"auto\">Autores: B\u00e1rbara Dantas, Maria das Vit\u00f3rias</div>\r\n<div dir=\"auto\">\u201cCONCEDE T\u00cdTULO DE CIDAD\u00c3 CARNAUBENSE \u00c0 SENHORA ROSEANA ISABELI DANTAS, E D\u00c1 OUTRAS PROVID\u00caNCIAS.\u201d</div>\r\n</div>\r\n<div class=\"x11i5rnm xat24cr x1mh8g0r x1vvkbs xtlvy1s x126k92a\">\r\n<div dir=\"auto\">3 - Requerimento n\u00ba 12 de 2025</div>\r\n<div dir=\"auto\">Autor: Jos\u00e9 L\u00facio</div>\r\n<div dir=\"auto\">Requer, ao Senhor Presidente, que ap\u00f3s ouvido o Plen\u00e1rio, seja incluso em regime de urg\u00eancia do Projeto de Resolu\u00e7\u00e3o encaminhado pela Mesa Diretora.</div>\r\n</div>\r\n<div class=\"x11i5rnm xat24cr x1mh8g0r x1vvkbs xtlvy1s x126k92a\">\r\n<div dir=\"auto\">4 - Projeto de Resolu\u00e7\u00e3o n\u00ba 1 de 2025</div>\r\n<div dir=\"auto\">Autor: Mesa Diretora</div>\r\n<div dir=\"auto\">DISP\u00d5E SOBRE A ADO\u00c7\u00c3O DAS REGRAS DO EST\u00c1GIO PROBAT\u00d3RIO PREVISTAS NA LEI MUNICIPAL N\u00ba 1285/2024 PARA OS SERVIDORES EFETIVOS DA C\u00c2MARA MUNICIPAL E D\u00c1 OUTRAS PROVID\u00caNCIAS.</div>\r\n</div>\r\n<div class=\"x11i5rnm xat24cr x1mh8g0r x1vvkbs xtlvy1s x126k92a\">\r\n<div dir=\"auto\">5 - Requerimento n\u00ba 10 de 2025</div>\r\n<div dir=\"auto\">Autor: Jardel Dantas</div>\r\n<div dir=\"auto\">REQUERER, ao Exm\u00ba. Sr. KLEYTON MEDEIROS DANTAS, Prefeito Municipal de Carna\u00faba dos Dantas/RN, que sejam prestadas informa\u00e7\u00f5es acerca das seguintes indica\u00e7\u00f5es de sua autoria: 021, 022, 023, 024, 038, 041, 042, 047, 059, 061, 062, 077, 078, 079 e 082, especialmente quanto ao andamento, provid\u00eancias adotadas e eventuais prazos para conclus\u00e3o das a\u00e7\u00f5es recomendadas.</div>\r\n</div>\r\n<div class=\"x11i5rnm xat24cr x1mh8g0r x1vvkbs xtlvy1s x126k92a\">\r\n<div dir=\"auto\">6 - Indica\u00e7\u00e3o n\u00ba 102 de 2025</div>\r\n<div dir=\"auto\">Autor: Marli de Medeiros</div>\r\n<div dir=\"auto\">Indico que seja elaborado e encaminhado a esta Casa Legislativa projeto de lei criando a FEMME \u2013 Feira Municipal de Mulheres Empreendedoras, a ser realizada uma vez por m\u00eas no munic\u00edpio de Carna\u00faba dos Dantas, com espa\u00e7o reservado exclusivamente para mulheres empreendedoras de diversas modalidades, como gastronomia, artesanato, venda de produtos hortifr\u00fati, vestu\u00e1rio, entre outros empreendimentos.</div>\r\n</div>\r\n<div class=\"x11i5rnm xat24cr x1mh8g0r x1vvkbs xtlvy1s x126k92a\">\r\n<div dir=\"auto\">7 - Indica\u00e7\u00e3o n\u00ba 103 de 2025</div>\r\n<div dir=\"auto\">Autor: Maria das Vit\u00f3rias</div>\r\n<div dir=\"auto\">Indico que seja realizada a amplia\u00e7\u00e3o do p\u00f3rtico de entrada da comunidade Ermo, localizada na zona rural deste munic\u00edpio.</div>\r\n</div>\r\n<div class=\"x11i5rnm xat24cr x1mh8g0r x1vvkbs xtlvy1s x126k92a\">\r\n<div dir=\"auto\">8 - Indica\u00e7\u00e3o n\u00ba 104 de 2025</div>\r\n<div dir=\"auto\">Autor: Maria das Vit\u00f3rias</div>\r\n<div dir=\"auto\">Indico que sejam instalados banheiros p\u00fablicos na via de acesso aos s\u00edtios arqueol\u00f3gicos que integram o Geoparque Serid\u00f3, nas proximidades da resid\u00eancia de Pretinha de Deca Minheiro</div>\r\n</div>\r\n<div class=\"x11i5rnm xat24cr x1mh8g0r x1vvkbs xtlvy1s x126k92a\">\r\n<div dir=\"auto\">9 - Indica\u00e7\u00e3o n\u00ba 105 de 2025</div>\r\n<div dir=\"auto\">Autor: Maria das Vit\u00f3rias</div>\r\n<div dir=\"auto\">Indico que seja oferecida capacita\u00e7\u00e3o b\u00e1sica em L\u00edngua Brasileira de Sinais (LIBRAS) para os recepcionistas dos setores p\u00fablicos municipais.</div>\r\n</div>\r\n<div class=\"x11i5rnm xat24cr x1mh8g0r x1vvkbs xtlvy1s x126k92a\">\r\n<div dir=\"auto\">10 - Indica\u00e7\u00e3o n\u00ba 106 de 2025</div>\r\n<div dir=\"auto\">Autor: Maria das Vit\u00f3rias</div>\r\n<div dir=\"auto\">Indica que seja realizada a coloca\u00e7\u00e3o de sinaliza\u00e7\u00e3o nos redutores de velocidade situados na via que liga a zona urbana \u00e0 comunidade Rajada.</div>\r\n</div>\r\n<div class=\"x11i5rnm xat24cr x1mh8g0r x1vvkbs xtlvy1s x126k92a\">\r\n<div dir=\"auto\">11 - Indica\u00e7\u00e3o n\u00ba 107 de 2025</div>\r\n<div dir=\"auto\">Autor: Jardel Dantas</div>\r\n<div dir=\"auto\">Indica a constru\u00e7\u00e3o de uma arquibancada no Est\u00e1dio Municipal Jos\u00e9 Henrique Dantas, a fim de oferecer maior conforto e seguran\u00e7a ao p\u00fablico que acompanha os eventos esportivos locais.</div>\r\n</div>\r\n<div class=\"x11i5rnm xat24cr x1mh8g0r x1vvkbs xtlvy1s x126k92a\">\r\n<div dir=\"auto\">12 - Indica\u00e7\u00e3o n\u00ba 108 de 2025</div>\r\n<div dir=\"auto\">Autor: Jardel Dantas</div>\r\n<div dir=\"auto\">Indica a realiza\u00e7\u00e3o de drenagem de esgoto na Rua Tonheca Dantas, nas proximidades do Restaurante Du Valentim, a fim de solucionar os problemas causados pelo ac\u00famulo de \u00e1guas servidas e melhorar as condi\u00e7\u00f5es de higiene e infraestrutura local.</div>\r\n</div>\r\n<div class=\"x11i5rnm xat24cr x1mh8g0r x1vvkbs xtlvy1s x126k92a\">\r\n<div dir=\"auto\">13 - Indica\u00e7\u00e3o n\u00ba 109 de 2025</div>\r\n<div dir=\"auto\">Autor: Jemmifran Dantas</div>\r\n<div dir=\"auto\">Indico a aquisi\u00e7\u00e3o de uma ensiladeira para trator, visando oferecer suporte aos agricultores do munic\u00edpio no preparo e armazenamento de forragens destinadas \u00e0 alimenta\u00e7\u00e3o animal.</div>\r\n</div>\r\n<div class=\"x11i5rnm xat24cr x1mh8g0r x1vvkbs xtlvy1s x126k92a\">\r\n<div dir=\"auto\">14 - Indica\u00e7\u00e3o n\u00ba 110 de 2025</div>\r\n<div dir=\"auto\">Autor: Jemmifran Dantas</div>\r\n<div dir=\"auto\">Indico a implanta\u00e7\u00e3o de uma faixa de pedestres na Travessa Ant\u00f4nio Dantas, na esquina da casa da senhora Ana Raquel e da loja Retoques9, visando garantir maior seguran\u00e7a na travessia de pedestres e melhorar o ordenamento do tr\u00e1fego local.</div>\r\n</div>\r\n<div class=\"x11i5rnm xat24cr x1mh8g0r x1vvkbs xtlvy1s x126k92a\">\r\n<div dir=\"auto\">15 - Indica\u00e7\u00e3o n\u00ba 111 de 2025</div>\r\n<div dir=\"auto\">Autor: Jemmifran Dantas</div>\r\n<div dir=\"auto\">Indico a implanta\u00e7\u00e3o de uma faixa de pedestres na Rua Tonheca Dantas, na esquina da casa do senhor Valdenor Elclides, visando garantir maior seguran\u00e7a na travessia de pedestres e melhorar o ordenamento do tr\u00e1fego local.</div>\r\n</div>\r\n<div class=\"x11i5rnm xat24cr x1mh8g0r x1vvkbs xtlvy1s x126k92a\">\r\n<div dir=\"auto\">16 - Indica\u00e7\u00e3o n\u00ba 112 de 2025</div>\r\n<div dir=\"auto\">Autor: B\u00e1rbara Dantas</div>\r\n<div dir=\"auto\">Indico que sejam viabilizados recursos para a realiza\u00e7\u00e3o de reforma geral na Pra\u00e7a S\u00e3o Jos\u00e9, localizada em frente \u00e0 Igreja Matriz de S\u00e3o Jos\u00e9, no Centro de Carna\u00faba dos Dantas/RN e que sejam feitas restaura\u00e7\u00f5es em locais como as esculturas dos ind\u00edgenas presentes na Pra\u00e7a, que contam nossa hist\u00f3ria.</div>\r\n</div>\r\n<div class=\"x11i5rnm xat24cr x1mh8g0r x1vvkbs xtlvy1s x126k92a\">\r\n<div dir=\"auto\">17 - Indica\u00e7\u00e3o n\u00ba 113 de 2025</div>\r\n<div dir=\"auto\">Autor: B\u00e1rbara Dantas</div>\r\n<div dir=\"auto\">Que sejam realizadas restaura\u00e7\u00f5es na pintura e na estrutura dos p\u00f3rticos de entrada da zona urbana de Carna\u00faba dos Dantas, localizados nos bairros Santa Rita e Dom Jos\u00e9 Adelino Dantas. No p\u00f3rtico do bairro Santa Rita, sugere-se ainda a instala\u00e7\u00e3o de banquinhos e/ou equipamentos de academia popular.</div>\r\n</div>", "author_name": "", "version": "1.0", "author_url": "https://www.carnaubadosdantas.rn.leg.br/author/jcesar", "provider_name": "Carna\u00faba dos Dantas/RN", "type": "rich"}