{"provider_url": "https://www.carnaubadosdantas.rn.leg.br", "title": "Ordem do dia ", "html": "<p>INDICA\u00c7\u00c3O N\u00ba 019/2024 \u2013 DE AUTORIA DA EDIL B\u00c1RBARA DE MEDEIROS DANTAS, QUE REQUER DO EXM\u00ba SR. GILSON DANTAS DE OLIVEIRA \u2013 PREFEITO MUNICIPAL E DA ILM\u00aa SR\u00aa. CAMILA THA\u00cdSA SOUZA CARNEIRO \u2013 SECRET\u00c1RIA MUNICIPAL DE SA\u00daDE, QUE SEJA ESTUDADA A VIABILIDADE DE ADQUIRIR COLEIRAS REFLETIVAS PARA SEREM COLOCADAS NOS ANIMAIS EM SITUA\u00c7\u00c3O DE RUA NO MUNIC\u00cdPIO DE CARNA\u00daBA DOS DANTAS/RN.</p>\r\n<p>INDICA\u00c7\u00c3O N\u00ba 020/2024 \u2013 DE AUTORIA DA EDIL B\u00c1RBARA DE MEDEIROS DANTAS, QUE REQUER DO EXM\u00ba SR. GILSON DANTAS DE OLIVEIRA \u2013 PREFEITO, QUE SEJA ESTUDADA A VIABILIDADE DE CONSTRUIR UMA PASSAGEM MOLHADA NO SETOR DO RIO CARNA\u00daBA POR TR\u00c1S DO CONJUNTO JO\u00c3O HENRIQUE DANTAS, QUE D\u00c1 ACESSO AO SITIO ESPERA, S\u00cdTIO GALO E ADJAC\u00caNCIAS.</p>\r\n<p>INDICA\u00c7\u00c3O N\u00ba 021/2024 \u2013 DE AUTORIA DA EDIL B\u00c1RBARA DE MEDEIROS DANTAS, QUE REQUER DO EXM\u00ba SR. GILSON DANTAS DE OLIVEIRA \u2013 PREFEITO MUNICIPAL, QUE SE UNA AOS \u00d3RG\u00c3OS RESPONS\u00c1VEIS E VEJA A VIABILIDADE PARA CRIAR UMA \u00c1REA DE PROTE\u00c7\u00c3O AMBIENTAL (APP) NA REGI\u00c3O QUE COMPETE AO OLHO D'\u00c1GUA DOS C\u00c2NDIDOS, CACHOEIRA DOS FUND\u00d5ES E ADJAC\u00caNCIAS.</p>\r\n<p>MO\u00c7\u00c3O N\u00ba 020/2024 \u2013 DE AUTORIA DO EDIL JOS\u00c9 EVANGELISTA DE ARRUDA DANTAS, MANIFESTA VOTO DE CONGRATULA\u00c7\u00c3O, LOUVOR E APLAUSOS AO SENHOR LUIZ FELIPE DE MEDEIROS DANTAS, EM RECONHECIMENTO E GRATID\u00c3O \u00c0 DEDICA\u00c7\u00c3O, DEMONSTRANDO NOT\u00c1VEL EMPENHO E CORAGEM DURANTE AS OPERA\u00c7\u00d5ES DE BUSCA DE CORPOS DE V\u00cdTIMAS DE AFOGAMENTO.</p>\r\n<p>MO\u00c7\u00c3O N\u00ba 021/2024 \u2013 DE AUTORIA DO EDIL MARCELO DE MEDEIROS DANTAS, MANIFESTA VOTO DE CONGRATULA\u00c7\u00c3O, LOUVOR E APLAUSOS AO REVERENDO SENHOR PADRE RONNEYVINGLI EDLEY GALV\u00c3O BEZERRA, EM GRATID\u00c3O POR TODO O EMPENHO NA REALIZA\u00c7\u00c3O DA FESTA DO PADROEIRO S\u00c3O JOS\u00c9.</p>", "author_name": "", "version": "1.0", "author_url": "https://www.carnaubadosdantas.rn.leg.br/author/jcesar", "provider_name": "Carna\u00faba dos Dantas/RN", "type": "rich"}