{"provider_url": "https://www.carnaubadosdantas.rn.leg.br", "title": "ORDEM DO DIA ", "html": "<p>PROJETO DE LEI ORDIN\u00c1RIA 004/2025 \u2013 DE AUTORIA DA MESA DIRETORA, QUE REVOGA O ART. 20 E A TABELA II DO ANEXO I DA LEI ORDIN\u00c1RIA N\u00ba 885/2015, DISP\u00d5E SOBRE AS VIAGENS OFICIAIS E REGULAMENTA A CONCESS\u00c3O DE DI\u00c1RIAS AOS VEREADORES, SECRET\u00c1RIOS COMISSIONADOS E SERVIDORES NO \u00c2MBITO DO PODER LEGISLATIVO DO MUNIC\u00cdPIO DE CARNA\u00daBA DOS DANTAS/RN E D\u00c1 OUTRAS PROVID\u00caNCIAS E D\u00c1 OUTRAS PROVID\u00caNCIAS.</p>\r\n<p>\u00a0</p>\r\n<p>PROJETO DE LEI ORDIN\u00c1RIA 005/2025 \u2013 DE AUTORIA DOS EDIS JEMMIFRAN DA SILVA DANTAS, JOS\u00c9 GILVAN DANTAS, JOS\u00c9 L\u00daCIO SILVA, MARFRAN DE MEDEIROS SANTOS E MARIA DAS VIT\u00d3RIAS BEZERRA DANTAS, QUE DISP\u00d5E SOBRE A DENOMINA\u00c7\u00c3O DO COMPLEXO ESPORTIVO ARENINHA M\u00c1RCIO JOS\u00c9 DE OLIVEIRA DANTAS, E D\u00c1 OUTRAS PROVID\u00caNCIAS.</p>\r\n<p>\u00a0</p>\r\n<p>PROJETO DE LEI ORDIN\u00c1RIA 006/2025 \u2013 DE AUTORIA DA EDIL MARLI DE MEDEIROS DANTAS, QUE DISP\u00d5E SOBRE A DENOMINA\u00c7\u00c3O DA SEDE DO PODER EXECUTIVO COMO PAL\u00c1CIO MUNICIPAL VALDEMAR C\u00c2NDIDO DE MEDEIROS, E D\u00c1 OUTRAS PROVID\u00caNCIAS.</p>\r\n<p>\u00a0</p>\r\n<p>PROJETO DE LEI ORDIN\u00c1RIA 007/2025 \u2013 DE AUTORIA DA EDIL B\u00c1RBABRA DE MEDEIROS DANTAS, QUE DISPOE SOBRE DENOMINA\u00c7\u00c3O OFICIAL DAS LOCALIDADES PR\u00d3XIMAS AO S\u00cdTIO GALO, ZONA RURAL DE CARNA\u00daBA DOS DANTAS/RN, COMO: COMUNIDADE/SITIO ESPERA E COMUNIDADE/SITIO GALO, AMBAS NO AMBITO DO MUNIC\u00cdPIO DE CARNAUBA DOS DANTAS/RN, E D\u00c1 OUTRAS PROVID\u00caNCIAS.</p>\r\n<p>\u00a0</p>\r\n<p>PROJETO DE LEI ORDIN\u00c1RIA 008/2025 \u2013 DE AUTORIA DO EXECUTIVO, QUE DISP\u00d5E SOBRE A INSTITUI\u00c7\u00c3O DA GRATIFICA\u00c7\u00c3O ESPEC\u00cdFICA DO PROGRAMA NACIONAL DE QUALIFICA\u00c7\u00c3O DA ASSIST\u00caNCIA FARMAC\u00caUTICA (QUALIFAR-SUS) NO MUNIC\u00cdPIO DE CARNA\u00daBA DOS DANTAS/RN E D\u00c1 OUTRAS PROVID\u00caNCIAS.</p>\r\n<p>\u00a0</p>\r\n<p>PROJETO DE LEI ORDIN\u00c1RIA 009/2025 \u2013 DE AUTORIA DO EXECUTIVO, QUE REGULAMENTA O REGIME E O VALOR DO RESPECTIVO ADICIONAL POR PLANT\u00c3O EVENTUAL DOS SERVIDORES QUE EXERCEM SUA CARGA HOR\u00c1RIA EM REGIME DE PLANT\u00c3O E D\u00c1 OUTRAS PROVID\u00caNCIAS.</p>\r\n<p>\u00a0</p>\r\n<p>PROJETO DE LEI ORDIN\u00c1RIA 010/2025 \u2013 DE AUTORIA DO EXECUTIVO, QUE REGULAMENTA, NO \u00c2MBITO DO MUNIC\u00cdPIO DE CARNA\u00daBDA DOS DANTAS/RN, O INCENTIVO FINANCEIRO POR DESEMPENHO AOS PROFISSIONAIS DA ATEN\u00c7\u00c3O PRIM\u00c1RIA \u00c0 SA\u00daDE PARA AS ESTRAT\u00c9GIA DE SA\u00daDE DA FAM\u00cdLIA \u2013 ESF, ESTRAT\u00c9GIA DE SA\u00daDE BUCAL \u2013 ESB, EQUIPE MULTIPROFISSIONAL \u2013 EMULTI, NA FORMA ESTABELECIDA PELA PORTARIA N\u00ba 3.493/2024, DO MINIST\u00c9RIO DA SA\u00daDE, E D\u00c1 OUTRAS PROVID\u00caNCIAS.</p>\r\n<p>\u00a0</p>\r\n<p>PROJETO DE LEI COMPLEMENTAR 004/2025 \u2013 DE AUTORIA DO EXECUTIVO, QUE ALTERA A LEI MUNICIPAL N\u00ba 692/2011 PARA CRIAR CARGOS EM COMISS\u00c3O E FUN\u00c7\u00d5ES GRATIFICADAS NO \u00c2MBITO DO PODER EXECUTIVO DO MUNIC\u00cdPIO DE CARNA\u00daBA DOS DANTAS-RN E D\u00c1 OUTRAS PROVID\u00caNCIAS.</p>\r\n<p>\u00a0</p>\r\n<p>PROJETO DE LEI COMPLEMENTAR 005/2025 \u2013 DE AUTORIA DA MESA DIRETORA, QUE ALTERA O ANEXO II DA LEI COMPLEMENTAR MUNICIPAL N\u00ba 41/2023, ALTERANDO O QUADRO GERAL DE CARGOS PERMANENTES DOS SERVIDORES EFETIVOS DA C\u00c2MARA MUNICIPAL DE ACORDO COM A NECESSIDADE DA ADMINISTRA\u00c7\u00c3O P\u00daBLICA E D\u00c1 OUTRAS PROVID\u00caNCIAS.</p>\r\n<p>\u00a0</p>\r\n<p>REQUERIMENTO 002/2025 \u2013 DE AUTORIA DA EDIL B\u00c1RBARA DE MEDEIROS DANTAS, QUE SOLICITA AO EXM\u00ba SR. KLEYTON MEDEIROS DANTAS \u2013 PREFEITO MUNICIPAL E A ILM\u00ba SR\u00ba. LU\u00cdS EDUARDO DANTAS \u2013 SECRET\u00c1RIO(A) MUNICIPAL DE SA\u00daDE, INFORMA\u00c7\u00d5ES ATUALIZADAS E DETALHADAS A RESPEITO DA PROGRAMA\u00c7\u00c3O DE CASTRA\u00c7\u00c3O DE ANIMAIS DE PEQUENO PORTE (C\u00c3ES E GATOS) E LEVANTAMENTO FINANCEIROS REFERENTES \u00c0S CIRURGIAS DE CASTRA\u00c7\u00c3O DESSES ANIMAIS DE RUA DE CARNA\u00daBA DOS DANTAS/RN.</p>\r\n<p>\u00a0</p>\r\n<p>INDICA\u00c7\u00c3O 010/2025 \u2013 DE AUTORIA DO EDIL JEMMIFRAN DA SILVA DANTAS, QUE INDICA AO SENHOR PREFEITO, \u00c0 SECRET\u00c1RIA MUNICIPAL DE OBRAS, A INSTALA\u00c7\u00c3O DE BANCOS AO LONGO DO CAL\u00c7AD\u00c3O DO MONTE DO GALO, NA RUA BARTOLOMEU JUSTINO DANTAS, ATENDENDO A UMA REIVINDICA\u00c7\u00c3O DA POPULA\u00c7\u00c3O.\u00a0</p>\r\n<p>\u00a0</p>\r\n<p>INDICA\u00c7\u00c3O 011/2025 \u2013 DE AUTORIA DO EDIL JEMMIFRAN DA SILVA DANTAS , QUE INDICA AO SENHOR PREFEITO, \u00c0 SECRET\u00c1RIA MUNICIPAL DE OBRAS, QUE SEJA FEITA A INSTALA\u00c7\u00c3O DE ILUMINA\u00c7\u00c3O PUBLICA NO CAMPO DO POVOADO ERMO, ZONA RURAL DE CARNA\u00daBA DOS DANTAS-RN.</p>\r\n<p>\u00a0</p>\r\n<p>INDICA\u00c7\u00c3O 012/2025 \u2013 DE AUTORIA DO EDIL JEMMIFRAN DA SILVA DANTAS, QUE INDICA AO SENHOR PREFEITO, \u00c0 SECRET\u00c1RIA MUNICIPAL DE OBRAS, QUE SEJA FEITA A INSTALA\u00c7\u00c3O DE ILUMINA\u00c7\u00c3O P\u00daBLICA NO TRECHO QUE COMPREENDE OS CONJUNTOS JO\u00c3O HENRIQUE AT\u00c9 O SITIO ESPERA.</p>\r\n<p>\u00a0</p>\r\n<p>INDICA\u00c7\u00c3O 013/2025 \u2013 DE AUTORIA DO EDIL JEMMIFRAN DA SILVA DANTAS, QUE INDICA AO SENHOR PREFEITO, \u00c0 SECRET\u00c1RIA MUNICIPAL DE OBRAS, A REALIZA\u00c7\u00c3O DA SUBSTITUI\u00c7\u00c3O DO PISO DA QUADRA DE ESPORTE JOS\u00c9 FRANCI\u00c9LIO (DEDEZINHO DE AM\u00c9LIA), LOCALIZADA NO POVOADO RAJADA, ZONA RURAL, DE CARNA\u00daBA DOS DANTAS/RN.\u00a0</p>\r\n<p>\u00a0</p>\r\n<p>INDICA\u00c7\u00c3O 014/2025 \u2013 DE AUTORIA DA EDIL MARLI DE MEDEIROS DANTAS, QUE INDICA AO SENHOR PREFEITO E AO SECRET\u00c1RIO MUNICIPAL DE SA\u00daDE P\u00daBLICA A IMPLEMENTA\u00c7\u00c3O DE UMA SALA DE VACINA\u00c7\u00c3O NO PSF NOSSA SENHORA DO PERP\u00c9TUO SOCORRO, SITUADO NO MONTE DO GALO, BAIRRO DOM JOS\u00c9 ADELINO, QUE ATENDE MAIS DE DUAS MIL PESSOAS, INCLUINDO GESTANTES E CRIAN\u00c7AS.</p>\r\n<p>\u00a0</p>\r\n<p>INDICA\u00c7\u00c3O 015/2025 \u2013 DE AUTORIA DA EDIL MARIA DAS VIT\u00d3RIAS BEZERRA DANTAS, QUE INDICA SEJA PROVIDENCIADA A CONSTRU\u00c7\u00c3O DE UM BANHEIRO P\u00daBLICO NO CEMIT\u00c9RIO P\u00daBLICO S\u00c3O JOS\u00c9, NO MUNIC\u00cdPIO DE CARNA\u00daBA DOS DANTAS.</p>\r\n<p>\u00a0</p>\r\n<p>INDICA\u00c7\u00c3O 016/2025 \u2013 DE AUTORIA DA EDIL MARIA DAS VIT\u00d3RIAS BEZERRA DANTAS, QUE INDICA AO SENHOR SECRET\u00c1RIO DE SA\u00daDE, LU\u00cdS EDUARDO DANTAS, QUE SOLICITE \u00c0 C\u00c2MARA T\u00c9CNICA DA 4\u00aa REGIONAL A PACTUA\u00c7\u00c3O DE SERVI\u00c7OS DE RAIO-X DE TRAUMA E CL\u00cdNICO NO MUNIC\u00cdPIO DE PARELHAS.\u00a0</p>\r\n<p>\u00a0</p>\r\n<p>INDICA\u00c7\u00c3O 017/2025 \u2013 DE AUTORIA DA EDIL MARIA DAS VIT\u00d3RIAS BEZERRA DANTAS, QUE INDICA SEJA PROVIDENCIADA A AMPLIA\u00c7\u00c3O DA PASSAGEM MOLHADA NO POVOADO ERMO, LOCALIZADO NA ZONA RURAL DO MUNIC\u00cdPIO DE CARNA\u00daBA DOS DANTAS.\u00a0</p>\r\n<p>\u00a0</p>\r\n<p>INDICA\u00c7\u00c3O 018/2025 \u2013 DE AUTORIA DA EDIL MARIA DAS VIT\u00d3RIAS BEZERRA DANTAS, INDICA QUE SOLICITE \u00c0 C\u00c2MARA T\u00c9CNICA DA 4\u00aa REGIONAL A PACTUA\u00c7\u00c3O DE SERVI\u00c7OS DE TRAUMA ORTOP\u00c9DICO DE EMERG\u00caNCIA NO MUNIC\u00cdPIO DE CAIC\u00d3, NO HOSPITAL TELECITA FREITAS.</p>\r\n<p>\u00a0</p>\r\n<p>INDICA\u00c7\u00c3O 019/2025 \u2013 DE AUTORIA DO EDIL MARFRAN DE MEDEIROS SANTOS , INDICA QUE SEJA REALIZADA A REVITALIZA\u00c7\u00c3O DAS MARCA\u00c7\u00d5ES DAS FAIXAS DE PEDESTRES, LOCALIZADAS EM FRENTE \u00c0 SOCFARM S\u00c3O JOS\u00c9, NA RUA JUVENAL LAMARTINE.</p>\r\n<p>\u00a0</p>\r\n<p>INDICA\u00c7\u00c3O 020/2025 \u2013 DE AUTORIA DO EDIL MARFRAN DE MEDEIROS SANTOS , INDICA QUE SEJA REALIZADA A REVITALIZA\u00c7\u00c3O DAS MARCA\u00c7\u00d5ES DAS FAIXAS DE PEDESTRES LOCALIZADAS NAS PROXIMIDADES DA APAMI, NA RUA TONHECA DANTAS.</p>\r\n<p>\u00a0</p>\r\n<p>INDICA\u00c7\u00c3O 021/2025 \u2013 DE AUTORIA DO EDIL JARDEL DANTAS DA SILVA, INDICA QUE QUE SEJA REVISADO O VALOR DAS DI\u00c1RIAS DESTINADAS AOS MOTORISTAS DE AMBUL\u00c2NCIA DA REDE MUNICIPAL DE SA\u00daDE.</p>\r\n<p>\u00a0</p>\r\n<p>INDICA\u00c7\u00c3O 022/2025 \u2013 DE AUTORIA DO EDIL JARDEL DANTAS DA SILVA, INDICA QUE SEJA REALIZADA A CONSTRU\u00c7\u00c3O DE BANHEIROS P\u00daBLICOS NO CENTRO DA CIDADE DE CARNA\u00daBA DOS DANTAS/RN.</p>\r\n<p>\u00a0</p>\r\n<p>INDICA\u00c7\u00c3O 023/2025 \u2013 DE AUTORIA DO EDIL JARDEL DANTAS DA SILVA, INDICA QUE SEJA REALIZADA A CONSTRU\u00c7\u00c3O DE UM CANAL DE REDE DE ESGOTO PARA O ESCOAMENTO DAS \u00c1GUAS DO BAIRRO S\u00c3O JOS\u00c9, PR\u00d3XIMO AO CONJUNTO HABITACIONAL SEU AN\u00cdSIO, ABRANGENDO A \u00c1REA DA RUA SINH\u00c1 RITA AT\u00c9 O PSF PARTEIRA ELITA DANTAS.</p>\r\n<p>\u00a0</p>\r\n<p>INDICA\u00c7\u00c3O 024/2025 \u2013 DE AUTORIA DO EDIL JARDEL DANTAS DA SILVA, INDICA QUE SEJA REALIZADA A REFORMA DAS PAREDES, BANHEIROS E ACESSIBILIDADE DA QUADRA DA ESCOLA MUNICIPAL FRANCISCO MACEDO DANTAS, LOCALIZADA NO POVOADO ERMO, ZONA RURAL DE CARNA\u00daBA DOS DANTAS/RN.</p>\r\n<p>\u00a0</p>\r\n<p>INDICA\u00c7\u00c3O 025/2025 \u2013 DE AUTORIA DA EDIL B\u00c1RBARA DE MEDEIROS DANTAS, INDICA QUE \u00c0 ALCIENE ARA\u00daJO CRUZ - SECRET\u00c1RIA MUNICIPAL DE ASSIST\u00caNCIA SOCIAL DE CARNA\u00daBA DOS DANTAS, A CRIA\u00c7\u00c3O DO F\u00d3RUM MUNICIPAL DA CAUSA DA MULHER, VISANDO O FORTALECIMENTO DE POL\u00cdTICAS P\u00daBLICAS, DEBATES E A\u00c7\u00d5ES VOLTADAS PARA OS DIREITOS DAS MULHERES NO MUNIC\u00cdPIO.</p>\r\n<p>\u00a0</p>\r\n<p>INDICA\u00c7\u00c3O 026/2025 \u2013 DE AUTORIA DA EDIL B\u00c1RBARA DE MEDEIROS DANTAS, INDICA QUE \u00c0 LUIS EDUARDO DANTAS - SECRET\u00c1RIO MUNICIPAL DE SA\u00daDE DE CARNA\u00daBA DOS DANTAS, QUE SEJAM REALIZADAS FORMA\u00c7\u00d5ES CONTINUADAS PARA PROFISSIONAIS QUE ATUAM COM SA\u00daDE DOS TRABALHADORES, ABORDANDO DIREITOS E DEVERES, BEM COMO SEJAM FEITAS MAIS ESTRAT\u00c9GIAS DE ALCAN\u00c7\u00c1-LOS E O FORTALECIMENTO DA VIGIL\u00c2NCIA EM SA\u00daDE NO MUNIC\u00cdPIO.</p>\r\n<p>\u00a0</p>\r\n<p>INDICA\u00c7\u00c3O 027/2025 \u2013 DE AUTORIA DA EDIL B\u00c1RBARA DE MEDEIROS DANTAS, INDICA QUE \u00c0 MESA DIRETORA DA C\u00c2MARA MUNICIPAL DE CARNA\u00daBA DOS DANTAS QUE SEJA IMPLEMENTADO O REGISTRO DE PRESEN\u00c7A DOS VEREADORES VIA PAINEL ELER\u00d4NICO, BEM COMO A ADO\u00c7\u00c3O DE ASSINATURAS DIGITAIS NOS PROCESSOS ADMINISTRATIVOS NAS SESS\u00d5ES DA C\u00c2MARA MUNICIPAL.</p>\r\n<p>\u00a0</p>\r\n<p>MO\u00c7\u00c3O 017/2025 \u2013 DE AUTORIA DE TODOS OS EDIS, MANIFESTA VOTO DE PESAR PELO FALECIMENTO DO SENHOR JO\u00c3O GREG\u00d3RIO DANTAS OCORRIDO NO DIA 26 DE FEVEREIRO DE 2025.</p>\r\n<p>\u00a0</p>\r\n<p>MO\u00c7\u00c3O 018/2025 \u2013 DE AUTORIA DE TODOS OS EDIS, MANIFESTA VOTO DE PESAR PELO FALECIMENTO DA SENHORA FRANCISCA AZEVEDO DANTAS, QUE ERA MAIS CONHECIDA COMO DONA DUDUCA OCORRIDO NO DIA 02 DE MAR\u00c7O DE 2025.</p>", "author_name": "", "version": "1.0", "author_url": "https://www.carnaubadosdantas.rn.leg.br/author/jcesar", "provider_name": "Carna\u00faba dos Dantas/RN", "type": "rich"}