{"provider_url": "https://www.carnaubadosdantas.rn.leg.br", "title": "MESA DIRETORA 2025-2026.", "html": "<div dir=\"auto\">A nova equipe assumir\u00e1 com o compromisso de promover uma gest\u00e3o participativa, transparente e voltada para os interesses da popula\u00e7\u00e3o.</div>\r\n<div class=\"x11i5rnm xat24cr x1mh8g0r x1vvkbs xtlvy1s x126k92a\">\r\n<div dir=\"auto\"><span class=\"html-span xdj266r x11i5rnm xat24cr x1mh8g0r xexx8yu x4uap5 x18d9i69 xkhd6sd x1hl2dhg x16tdsg8 x1vvkbs\"><a class=\"html-a xdj266r x11i5rnm xat24cr x1mh8g0r xexx8yu x4uap5 x18d9i69 xkhd6sd x1hl2dhg x16tdsg8 x1vvkbs\" tabindex=\"-1\"></a></span>PRESIDENTE: MARFRAN DE MEDEIROS SANTOS</div>\r\n<div dir=\"auto\">VICE-PRESIDENTE: MARIA DAS VITORIAS BEZERRA DANTAS</div>\r\n<div dir=\"auto\">1\u00ba SECRET\u00c1RIO: JEMMIFRAN DA SILVA DANTAS</div>\r\n<div dir=\"auto\">2\u00ba SECRET\u00c1RIO: JOS\u00c9 L\u00daCIO SILVA</div>\r\n</div>\r\n<div dir=\"auto\"></div>\r\n<div dir=\"auto\"><img src=\"https://www.carnaubadosdantas.rn.leg.br/mesadiretora202520261.png/@@images/2a4d1806-a030-482d-adaf-d02b69e00822.png\" alt=\"\" class=\"image-inline\" title=\"\" /></div>", "author_name": "", "version": "1.0", "author_url": "https://www.carnaubadosdantas.rn.leg.br/author/jcesar", "provider_name": "Carna\u00faba dos Dantas/RN", "type": "rich"}