{"provider_url": "https://www.carnaubadosdantas.rn.leg.br", "title": "Gincana da Inclus\u00e3o", "html": "<p><span>A C\u00e2mara Municipal, por meio da Escola do Legislativo e em parceria com o Centro de Atendimento Especializado Marlon Vitor, realizar\u00e1 com os alunos da institui\u00e7\u00e3o a Gincana da Inclus\u00e3o! Um evento especial que celebra a diversidade e promove a uni\u00e3o.</span><br /><br /><span>\ud83d\udcc5 Dia 10 de abril (quinta-feira)</span><br /><span>\ud83d\udd56 Das 07h \u00e0s 09h</span><br /><br /><span>Uma manh\u00e3 de aprendizado, divers\u00e3o e empatia, porque quando respeitamos as diferen\u00e7as, constru\u00edmos um mundo mais justo e acolhedor! \ud83d\udc9b\ud83d\udc99</span><br /><br /><span>Participe!</span><br /><br /><a class=\"x1i10hfl xjbqb8w x1ejq31n xd10rxx x1sy0etr x17r0tee x972fbf xcfux6l x1qhh985 xm0m39n x9f619 x1ypdohk xt0psk2 xe8uvvx xdj266r x11i5rnm xat24cr x1mh8g0r xexx8yu x4uap5 x18d9i69 xkhd6sd x16tdsg8 x1hl2dhg xggy1nq x1a2a7pz  _aa9_ _a6hd\" href=\"https://www.instagram.com/explore/tags/inclus%C3%A3o%C3%A9paratodos/\" tabindex=\"0\">#Inclus\u00e3o\u00c9ParaTodos</a><span>\u00a0</span><a class=\"x1i10hfl xjbqb8w x1ejq31n xd10rxx x1sy0etr x17r0tee x972fbf xcfux6l x1qhh985 xm0m39n x9f619 x1ypdohk xt0psk2 xe8uvvx xdj266r x11i5rnm xat24cr x1mh8g0r xexx8yu x4uap5 x18d9i69 xkhd6sd x16tdsg8 x1hl2dhg xggy1nq x1a2a7pz  _aa9_ _a6hd\" href=\"https://www.instagram.com/explore/tags/gincanadainclus%C3%A3o/\" tabindex=\"0\">#GincanaDaInclus\u00e3o</a><span>\u00a0</span><a class=\"x1i10hfl xjbqb8w x1ejq31n xd10rxx x1sy0etr x17r0tee x972fbf xcfux6l x1qhh985 xm0m39n x9f619 x1ypdohk xt0psk2 xe8uvvx xdj266r x11i5rnm xat24cr x1mh8g0r xexx8yu x4uap5 x18d9i69 xkhd6sd x16tdsg8 x1hl2dhg xggy1nq x1a2a7pz  _aa9_ _a6hd\" href=\"https://www.instagram.com/explore/tags/celebrandoasdiferen%C3%A7as/\" tabindex=\"0\">#CelebrandoAsDiferen\u00e7as</a></p>", "author_name": "", "version": "1.0", "author_url": "https://www.carnaubadosdantas.rn.leg.br/author/jcesar", "provider_name": "Carna\u00faba dos Dantas/RN", "type": "rich"}