{"provider_url": "https://www.carnaubadosdantas.rn.leg.br", "title": "Curso \u2018Orat\u00f3ria\u2019.", "html": "<p>Ministrado por Renata Passos e com carga hor\u00e1ria de 8 horas, o curso proporciona uma oportunidade gratuita e imperd\u00edvel para aprimorar suas habilidades de comunica\u00e7\u00e3o e fortalecer seu desenvolvimento pessoal e profissional. N\u00e3o perca!</p>\r\n<p>\ud83d\udccc Este curso faz parte do Programa Integra RN \u2014 uma iniciativa que leva, gratuitamente, educa\u00e7\u00e3o pol\u00edtica, cidad\u00e3 e profissional a todos os munic\u00edpios do RN.</p>\r\n<p>\ud83d\udcc5 Data: 28/11<br />\ud83d\udd57 Hor\u00e1rio: 08h \u00e0s 17h<br />\ud83d\udccd Local: C\u00e2mara Municipal de Carna\u00faba dos Dantas</p>\r\n<p>\u21aa\ufe0f Inscri\u00e7\u00f5es gratuitas pelo aplicativo da Escola da Assembleia Legislativa do RN.</p>\r\n<p>#AssembleiaLegislativa #EscolaDaALRN #EALRN</p>", "author_name": "", "version": "1.0", "author_url": "https://www.carnaubadosdantas.rn.leg.br/author/jcesar", "provider_name": "Carna\u00faba dos Dantas/RN", "type": "rich"}