{"provider_url": "https://www.carnaubadosdantas.rn.leg.br", "title": "\ud83d\udccdDireto de Jo\u00e3o Pessoa!", "html": "<p>\ud83d\uddd3 De 24 a 28 de julho, trocando experi\u00eancias, adquirindo conhecimento e fortalecendo a gest\u00e3o p\u00fablica! \ud83d\udcbc\ud83c\udde7\ud83c\uddf7<br />#Gest\u00e3oP\u00fablica #CongressoRegional #Carna\u00fabaDosDantas #LegislativoForte #Jo\u00e3oPessoa\u00a0#LegisCapacita</p>\r\n<p><img src=\"https://www.carnaubadosdantas.rn.leg.br/copy3_of_6.png/@@images/d3a2b6be-2aba-4874-9e71-0fa6f3ed901e.png\" alt=\"\" class=\"image-inline\" title=\"\" />\u00a0<img src=\"https://www.carnaubadosdantas.rn.leg.br/copy2_of_7.png/@@images/79d8739c-017b-4394-a46a-381fdb08a146.png\" alt=\"\" class=\"image-inline\" title=\"\" />\u00a0<img src=\"https://www.carnaubadosdantas.rn.leg.br/copy_of_9.png/@@images/a156c18c-88bc-40d8-a190-ca8535ff5a1a.png\" alt=\"\" class=\"image-inline\" title=\"\" />\u00a0<img src=\"https://www.carnaubadosdantas.rn.leg.br/copy4_of_5.png/@@images/a82ddbb5-6321-4c58-9320-26f92b092842.png\" alt=\"\" class=\"image-inline\" title=\"\" /></p>", "author_name": "", "version": "1.0", "author_url": "https://www.carnaubadosdantas.rn.leg.br/author/jcesar", "provider_name": "Carna\u00faba dos Dantas/RN", "type": "rich"}